{"id":9624,"date":"2023-10-01T13:00:59","date_gmt":"2023-10-01T13:00:59","guid":{"rendered":"https:\/\/gesem.es\/?p=9624"},"modified":"2023-10-11T14:35:29","modified_gmt":"2023-10-11T14:35:29","slug":"necesidades-formacion-empresa","status":"publish","type":"post","link":"https:\/\/gesem.es\/ca\/necesidades-formacion-empresa\/","title":{"rendered":"Necesidades de formaci\u00f3n en una empresa"},"content":{"rendered":"\t\t<div data-elementor-type=\"wp-post\" data-elementor-id=\"9624\" class=\"elementor elementor-9624\" data-elementor-post-type=\"post\">\n\t\t\t\t\t\t<section class=\"elementor-section elementor-top-section elementor-element elementor-element-8f926f7 elementor-section-boxed elementor-section-height-default elementor-section-height-default\" data-id=\"8f926f7\" data-element_type=\"section\" data-e-type=\"section\" data-settings=\"{&quot;background_background&quot;:&quot;classic&quot;}\">\n\t\t\t\t\t\t<div class=\"elementor-container elementor-column-gap-default\">\n\t\t\t\t\t<div class=\"elementor-column elementor-col-100 elementor-top-column elementor-element elementor-element-aad7d53\" data-id=\"aad7d53\" data-element_type=\"column\" data-e-type=\"column\">\n\t\t\t<div class=\"elementor-widget-wrap elementor-element-populated\">\n\t\t\t\t\t\t<div class=\"elementor-element elementor-element-eeca6fd elementor-widget elementor-widget-spacer\" data-id=\"eeca6fd\" data-element_type=\"widget\" data-e-type=\"widget\" data-widget_type=\"spacer.default\">\n\t\t\t\t\t\t\t<div class=\"elementor-spacer\">\n\t\t\t<div class=\"elementor-spacer-inner\"><\/div>\n\t\t<\/div>\n\t\t\t\t\t\t<\/div>\n\t\t\t\t\t<\/div>\n\t\t<\/div>\n\t\t\t\t\t<\/div>\n\t\t<\/section>\n\t\t\t\t<section class=\"elementor-section elementor-top-section elementor-element elementor-element-2249562 elementor-section-full_width elementor-section-stretched elementor-section-height-default elementor-section-height-default\" data-id=\"2249562\" data-element_type=\"section\" data-e-type=\"section\" data-settings=\"{&quot;stretch_section&quot;:&quot;section-stretched&quot;,&quot;background_background&quot;:&quot;classic&quot;}\">\n\t\t\t\t\t\t\t<div class=\"elementor-background-overlay\"><\/div>\n\t\t\t\t\t\t\t<div class=\"elementor-container elementor-column-gap-no\">\n\t\t\t\t\t<div class=\"elementor-column elementor-col-100 elementor-top-column elementor-element elementor-element-018b421\" data-id=\"018b421\" data-element_type=\"column\" data-e-type=\"column\">\n\t\t\t<div class=\"elementor-widget-wrap elementor-element-populated\">\n\t\t\t\t\t\t<section class=\"elementor-section elementor-inner-section elementor-element elementor-element-3d34bb5 elementor-section-boxed elementor-section-height-default elementor-section-height-default\" data-id=\"3d34bb5\" data-element_type=\"section\" data-e-type=\"section\">\n\t\t\t\t\t\t<div class=\"elementor-container elementor-column-gap-default\">\n\t\t\t\t\t<div class=\"elementor-column elementor-col-100 elementor-inner-column elementor-element elementor-element-099e34d\" data-id=\"099e34d\" data-element_type=\"column\" data-e-type=\"column\">\n\t\t\t<div class=\"elementor-widget-wrap elementor-element-populated\">\n\t\t\t\t\t\t<div class=\"elementor-element elementor-element-0056314 elementor-widget elementor-widget-heading\" data-id=\"0056314\" data-element_type=\"widget\" data-e-type=\"widget\" data-widget_type=\"heading.default\">\n\t\t\t\t\t<h1 class=\"elementor-heading-title elementor-size-default\"><span class=\"blue-code\">Necesidades de formaci\u00f3n de una empresa: <\/span>Optimizando el crecimiento y la productividad<\/h1>\t\t\t\t<\/div>\n\t\t\t\t<div class=\"elementor-element elementor-element-a7c2381 elementor-widget-divider--view-line elementor-widget elementor-widget-divider\" data-id=\"a7c2381\" data-element_type=\"widget\" data-e-type=\"widget\" data-widget_type=\"divider.default\">\n\t\t\t\t\t\t\t<div class=\"elementor-divider\">\n\t\t\t<span class=\"elementor-divider-separator\">\n\t\t\t\t\t\t<\/span>\n\t\t<\/div>\n\t\t\t\t\t\t<\/div>\n\t\t\t\t<div class=\"elementor-element elementor-element-7e094ae elementor-widget elementor-widget-text-editor\" data-id=\"7e094ae\" data-element_type=\"widget\" data-e-type=\"widget\" data-widget_type=\"text-editor.default\">\n\t\t\t\t\t\t\t\t\t<div class=\"group w-full text-gray-800 dark:text-gray-100 border-b border-black\/10 dark:border-gray-900\/50 bg-gray-50 dark:bg-[#444654] sm:AIPRM__conversation__response\"><div class=\"flex p-4 gap-4 text-base md:gap-6 md:max-w-2xl lg:max-w-[38rem] xl:max-w-3xl md:py-6 lg:px-0 m-auto\"><div class=\"relative flex w-[calc(100%-50px)] flex-col gap-1 md:gap-3 lg:w-[calc(100%-115px)]\"><div class=\"flex flex-grow flex-col gap-3\"><div class=\"min-h-[20px] flex items-start overflow-x-auto whitespace-pre-wrap break-words flex-col gap-4\"><div class=\"markdown prose w-full break-words dark:prose-invert light AIPRM__conversation__response\"><p><span style=\"font-weight: 400;\">Descubre c\u00f3mo identificar y abordar las necesidades de formaci\u00f3n en una empresa para impulsar el \u00e9xito organizacional. Explora ejemplos, cuestionarios y estrategias efectivas. En Gesem, te ofrecemos <strong>cursos de desarrollo de habilidades blandas y habilidades digitales<\/strong> para llevar a tu empresa al siguiente nivel.<\/span><\/p><\/div><\/div><\/div><\/div><\/div><\/div>\t\t\t\t\t\t\t\t<\/div>\n\t\t\t\t<div class=\"elementor-element elementor-element-041bcaf elementor-align-left elementor-widget elementor-widget-button\" data-id=\"041bcaf\" data-element_type=\"widget\" data-e-type=\"widget\" data-widget_type=\"button.default\">\n\t\t\t\t\t\t\t\t\t\t<a class=\"elementor-button elementor-button-link elementor-size-sm\" href=\"\">\n\t\t\t\t\t\t<span class=\"elementor-button-content-wrapper\">\n\t\t\t\t\t\t\t\t\t<span class=\"elementor-button-text\">Ver Cursos<\/span>\n\t\t\t\t\t<\/span>\n\t\t\t\t\t<\/a>\n\t\t\t\t\t\t\t\t<\/div>\n\t\t\t\t\t<\/div>\n\t\t<\/div>\n\t\t\t\t\t<\/div>\n\t\t<\/section>\n\t\t\t\t\t<\/div>\n\t\t<\/div>\n\t\t\t\t\t<\/div>\n\t\t<\/section>\n\t\t\t\t<section class=\"elementor-section elementor-top-section elementor-element elementor-element-b835911 elementor-section-boxed elementor-section-height-default elementor-section-height-default\" data-id=\"b835911\" data-element_type=\"section\" data-e-type=\"section\">\n\t\t\t\t\t\t<div class=\"elementor-container elementor-column-gap-default\">\n\t\t\t\t\t<div class=\"elementor-column elementor-col-100 elementor-top-column elementor-element elementor-element-9bdf6c2\" data-id=\"9bdf6c2\" data-element_type=\"column\" data-e-type=\"column\">\n\t\t\t<div class=\"elementor-widget-wrap elementor-element-populated\">\n\t\t\t\t\t\t<div class=\"elementor-element elementor-element-57bcd50 elementor-widget elementor-widget-text-editor\" data-id=\"57bcd50\" data-element_type=\"widget\" data-e-type=\"widget\" data-widget_type=\"text-editor.default\">\n\t\t\t\t\t\t\t\t\t<p><span style=\"font-weight: 400;\">La formaci\u00f3n en una empresa es un componente esencial para el crecimiento y la evoluci\u00f3n del personal, as\u00ed como para el \u00e9xito general <\/span><span style=\"font-weight: 400;\">de la organizaci\u00f3n.<\/span> <span style=\"font-weight: 400;\">En este art\u00edculo<\/span><span style=\"font-weight: 400;\">, exploraremos en detalle las <\/span><b>necesidades de formaci\u00f3n en una empresa<\/b><span style=\"font-weight: 400;\"> y <\/span><b>c\u00f3mo identificarlas y abordarlas de manera efectiva<\/b><span style=\"font-weight: 400;\">. Desde la identificaci\u00f3n de necesidades hasta la implementaci\u00f3n de estrategias de capacitaci\u00f3n, este recurso proporcionar\u00e1 una gu\u00eda completa para optimizar el proceso de formaci\u00f3n en tu empresa, con el apoyo de Gesem, tu aliado en el desarrollo de habilidades.<\/span><\/p>\t\t\t\t\t\t\t\t<\/div>\n\t\t\t\t\t<\/div>\n\t\t<\/div>\n\t\t\t\t\t<\/div>\n\t\t<\/section>\n\t\t\t\t<section class=\"elementor-section elementor-top-section elementor-element elementor-element-86f6666 elementor-section-boxed elementor-section-height-default elementor-section-height-default\" data-id=\"86f6666\" data-element_type=\"section\" data-e-type=\"section\">\n\t\t\t\t\t\t<div class=\"elementor-container elementor-column-gap-default\">\n\t\t\t\t\t<div class=\"elementor-column elementor-col-50 elementor-top-column elementor-element elementor-element-6d4b701\" data-id=\"6d4b701\" data-element_type=\"column\" data-e-type=\"column\">\n\t\t\t<div class=\"elementor-widget-wrap elementor-element-populated\">\n\t\t\t\t\t\t<div class=\"elementor-element elementor-element-e3186c1 elementor-widget elementor-widget-heading\" data-id=\"e3186c1\" data-element_type=\"widget\" data-e-type=\"widget\" data-widget_type=\"heading.default\">\n\t\t\t\t\t<h2 class=\"elementor-heading-title elementor-size-default\">Necesidades de formaci\u00f3n en una empresa: Una visi\u00f3n general<\/h2>\t\t\t\t<\/div>\n\t\t\t\t<div class=\"elementor-element elementor-element-2e8a494 elementor-widget elementor-widget-text-editor\" data-id=\"2e8a494\" data-element_type=\"widget\" data-e-type=\"widget\" data-widget_type=\"text-editor.default\">\n\t\t\t\t\t\t\t\t\t<p><span style=\"font-weight: 400;\">Antes de profundizar en los aspectos espec\u00edficos de la formaci\u00f3n en una empresa, es esencial comprender qu\u00e9 son las &#8220;Necesidades de Formaci\u00f3n en una Empresa&#8221; y por qu\u00e9 son cruciales para el \u00e9xito empresarial.<\/span><\/p>\t\t\t\t\t\t\t\t<\/div>\n\t\t\t\t\t<\/div>\n\t\t<\/div>\n\t\t\t\t<div class=\"elementor-column elementor-col-50 elementor-top-column elementor-element elementor-element-121d143\" data-id=\"121d143\" data-element_type=\"column\" data-e-type=\"column\" data-settings=\"{&quot;background_background&quot;:&quot;classic&quot;}\">\n\t\t\t<div class=\"elementor-widget-wrap\">\n\t\t\t\t\t\t\t<\/div>\n\t\t<\/div>\n\t\t\t\t\t<\/div>\n\t\t<\/section>\n\t\t\t\t<section class=\"elementor-section elementor-top-section elementor-element elementor-element-87e51cd elementor-section-boxed elementor-section-height-default elementor-section-height-default\" data-id=\"87e51cd\" data-element_type=\"section\" data-e-type=\"section\">\n\t\t\t\t\t\t<div class=\"elementor-container elementor-column-gap-default\">\n\t\t\t\t\t<div class=\"elementor-column elementor-col-50 elementor-top-column elementor-element elementor-element-5fb2fa8\" data-id=\"5fb2fa8\" data-element_type=\"column\" data-e-type=\"column\" data-settings=\"{&quot;background_background&quot;:&quot;classic&quot;}\">\n\t\t\t<div class=\"elementor-widget-wrap elementor-element-populated\">\n\t\t\t\t\t\t<div class=\"elementor-element elementor-element-519cf31 elementor-widget elementor-widget-heading\" data-id=\"519cf31\" data-element_type=\"widget\" data-e-type=\"widget\" data-widget_type=\"heading.default\">\n\t\t\t\t\t<h3 class=\"elementor-heading-title elementor-size-default\">\u00bfQu\u00e9 son las necesidades de formaci\u00f3n en una empresa?<\/h3>\t\t\t\t<\/div>\n\t\t\t\t<div class=\"elementor-element elementor-element-2bec084 elementor-widget elementor-widget-text-editor\" data-id=\"2bec084\" data-element_type=\"widget\" data-e-type=\"widget\" data-widget_type=\"text-editor.default\">\n\t\t\t\t\t\t\t\t\t<p><span style=\"font-weight: 400;\">Las necesidades de formaci\u00f3n en una empresa se refieren a las <\/span><b>brechas de conocimiento, habilidades y competencias que existen entre las capacidades actuales de los empleados<\/b><span style=\"font-weight: 400;\"> y las requeridas para lograr los <\/span><b>objetivos de la empresa<\/b><span style=\"font-weight: 400;\">. Estas brechas pueden surgir debido a <\/span><b>cambios en la industria, avances tecnol\u00f3gicos, expansi\u00f3n<\/b><span style=\"font-weight: 400;\"> de la empresa u otros factores.<\/span><\/p>\t\t\t\t\t\t\t\t<\/div>\n\t\t\t\t\t<\/div>\n\t\t<\/div>\n\t\t\t\t<div class=\"elementor-column elementor-col-50 elementor-top-column elementor-element elementor-element-3c3d886\" data-id=\"3c3d886\" data-element_type=\"column\" data-e-type=\"column\">\n\t\t\t<div class=\"elementor-widget-wrap elementor-element-populated\">\n\t\t\t\t\t\t<div class=\"elementor-element elementor-element-79c37ac elementor-widget elementor-widget-heading\" data-id=\"79c37ac\" data-element_type=\"widget\" data-e-type=\"widget\" data-widget_type=\"heading.default\">\n\t\t\t\t\t<h3 class=\"elementor-heading-title elementor-size-default\">Importancia de abordar las necesidades de formaci\u00f3n\n<\/h3>\t\t\t\t<\/div>\n\t\t\t\t<div class=\"elementor-element elementor-element-653bc21 elementor-widget elementor-widget-text-editor\" data-id=\"653bc21\" data-element_type=\"widget\" data-e-type=\"widget\" data-widget_type=\"text-editor.default\">\n\t\t\t\t\t\t\t\t\t<p><span style=\"font-weight: 400;\">Las empresas que reconocen y abordan de manera efectiva sus necesidades de formaci\u00f3n obtienen varios beneficios, incluyendo:<\/span><\/p><ul><li style=\"font-weight: 400;\" aria-level=\"1\"><span style=\"font-weight: 400;\"><strong>Mayor productividad:<\/strong> Los empleados mejor capacitados son m\u00e1s eficientes en sus funciones, lo que lleva a un aumento en la productividad general de la empresa.<\/span><\/li><li style=\"font-weight: 400;\" aria-level=\"1\"><span style=\"font-weight: 400;\"><strong>Competitivida: <\/strong><\/span><span style=\"font-weight: 400;\">Mantenerse al d\u00eda con las \u00faltimas tendencias y tecnolog\u00edas a trav\u00e9s de la formaci\u00f3n permite a la empresa <\/span><span style=\"font-weight: 400;\">seguir siendo<\/span><span style=\"font-weight: 400;\"> competitiva en el mercado.<\/span><\/li><li style=\"font-weight: 400;\" aria-level=\"1\"><span style=\"font-weight: 400;\"><strong>Satisfacci\u00f3n del empleado:<\/strong> La inversi\u00f3n en desarrollo profesional demuestra el compromiso de la empresa con su personal, lo que puede aumentar la satisfacci\u00f3n y la retenci\u00f3n de empleados.<\/span><\/li><li style=\"font-weight: 400;\" aria-level=\"1\"><span style=\"font-weight: 400;\"><strong>Innovaci\u00f3n:<\/strong> Los empleados bien capacitados est\u00e1n mejor preparados para contribuir con ideas innovadoras y creativas a la empresa.<\/span><\/li><\/ul>\t\t\t\t\t\t\t\t<\/div>\n\t\t\t\t\t<\/div>\n\t\t<\/div>\n\t\t\t\t\t<\/div>\n\t\t<\/section>\n\t\t\t\t<section class=\"elementor-section elementor-top-section elementor-element elementor-element-952d1ea elementor-section-boxed elementor-section-height-default elementor-section-height-default\" data-id=\"952d1ea\" data-element_type=\"section\" data-e-type=\"section\">\n\t\t\t\t\t\t<div class=\"elementor-container elementor-column-gap-default\">\n\t\t\t\t\t<div class=\"elementor-column elementor-col-50 elementor-top-column elementor-element elementor-element-972cb16\" data-id=\"972cb16\" data-element_type=\"column\" data-e-type=\"column\" data-settings=\"{&quot;background_background&quot;:&quot;classic&quot;}\">\n\t\t\t<div class=\"elementor-widget-wrap elementor-element-populated\">\n\t\t\t\t\t\t<div class=\"elementor-element elementor-element-7c6d92f elementor-widget elementor-widget-image\" data-id=\"7c6d92f\" data-element_type=\"widget\" data-e-type=\"widget\" data-widget_type=\"image.default\">\n\t\t\t\t\t\t\t\t\t\t\t\t\t\t\t<img decoding=\"async\" src=\"https:\/\/gesem.es\/wp-content\/uploads\/elementor\/thumbs\/GESEM-CURSOS-ONLINE-MINIATURA-rhvkwki3sh6t9vpnqnqmc55xp1mvevjvt3ryn6fveg.jpg\" title=\"GESEM-CURSOS-ONLINE-MINIATURA\" alt=\"GESEM-CURSOS-ONLINE-MINIATURA\" loading=\"lazy\" \/>\t\t\t\t\t\t\t\t\t\t\t\t\t\t\t<\/div>\n\t\t\t\t\t<\/div>\n\t\t<\/div>\n\t\t\t\t<div class=\"elementor-column elementor-col-50 elementor-top-column elementor-element elementor-element-b7fb96b\" data-id=\"b7fb96b\" data-element_type=\"column\" data-e-type=\"column\" data-settings=\"{&quot;background_background&quot;:&quot;classic&quot;}\">\n\t\t\t<div class=\"elementor-widget-wrap elementor-element-populated\">\n\t\t\t\t\t\t<div class=\"elementor-element elementor-element-5e3f072 elementor-widget elementor-widget-heading\" data-id=\"5e3f072\" data-element_type=\"widget\" data-e-type=\"widget\" data-widget_type=\"heading.default\">\n\t\t\t\t\t<p class=\"elementor-heading-title elementor-size-default\">Descubre el futuro del \u00e9xito empresarial con los cursos de digital skills y soft skills para la formaci\u00f3n de empresas de Gesem<\/p>\t\t\t\t<\/div>\n\t\t\t\t<div class=\"elementor-element elementor-element-de56fa6 elementor-widget elementor-widget-text-editor\" data-id=\"de56fa6\" data-element_type=\"widget\" data-e-type=\"widget\" data-widget_type=\"text-editor.default\">\n\t\t\t\t\t\t\t\t\t<p><span style=\"font-weight: 400;\">\u00bfEst\u00e1s listo para llevar a tu empresa al siguiente nivel? <\/span><b>Te invitamos a explorar nuestra amplia gama de cursos de desarrollo de soft skills y digital skills.<\/b><span style=\"font-weight: 400;\"> Con Gesem, puedes equipar a tu equipo con las habilidades necesarias para destacar en un mundo empresarial en constante evoluci\u00f3n.<\/span><\/p><p><span style=\"font-weight: 400;\">No dejes que las necesidades de formaci\u00f3n se conviertan en un obst\u00e1culo. \u00a1Act\u00faa ahora y descubre c\u00f3mo Gesem puede impulsar el \u00e9xito de tu empresa!<\/span><\/p>\t\t\t\t\t\t\t\t<\/div>\n\t\t\t\t<div class=\"elementor-element elementor-element-a2df4a4 elementor-align-left elementor-widget elementor-widget-button\" data-id=\"a2df4a4\" data-element_type=\"widget\" data-e-type=\"widget\" data-widget_type=\"button.default\">\n\t\t\t\t\t\t\t\t\t\t<a class=\"elementor-button elementor-button-link elementor-size-sm\" href=\"\">\n\t\t\t\t\t\t<span class=\"elementor-button-content-wrapper\">\n\t\t\t\t\t\t\t\t\t<span class=\"elementor-button-text\">Cat\u00e1logo de cursos de formaci\u00f3n<\/span>\n\t\t\t\t\t<\/span>\n\t\t\t\t\t<\/a>\n\t\t\t\t\t\t\t\t<\/div>\n\t\t\t\t\t<\/div>\n\t\t<\/div>\n\t\t\t\t\t<\/div>\n\t\t<\/section>\n\t\t\t\t<section class=\"elementor-section elementor-top-section elementor-element elementor-element-54f528a elementor-section-boxed elementor-section-height-default elementor-section-height-default\" data-id=\"54f528a\" data-element_type=\"section\" data-e-type=\"section\">\n\t\t\t\t\t\t<div class=\"elementor-container elementor-column-gap-custom\">\n\t\t\t\t\t<div class=\"elementor-column elementor-col-50 elementor-top-column elementor-element elementor-element-f35dfbd\" data-id=\"f35dfbd\" data-element_type=\"column\" data-e-type=\"column\" data-settings=\"{&quot;background_background&quot;:&quot;classic&quot;}\">\n\t\t\t<div class=\"elementor-widget-wrap elementor-element-populated\">\n\t\t\t\t\t\t<div class=\"elementor-element elementor-element-3077fda elementor-widget elementor-widget-spacer\" data-id=\"3077fda\" data-element_type=\"widget\" data-e-type=\"widget\" data-widget_type=\"spacer.default\">\n\t\t\t\t\t\t\t<div class=\"elementor-spacer\">\n\t\t\t<div class=\"elementor-spacer-inner\"><\/div>\n\t\t<\/div>\n\t\t\t\t\t\t<\/div>\n\t\t\t\t\t<\/div>\n\t\t<\/div>\n\t\t\t\t<div class=\"elementor-column elementor-col-50 elementor-top-column elementor-element elementor-element-e60e2e9\" data-id=\"e60e2e9\" data-element_type=\"column\" data-e-type=\"column\">\n\t\t\t<div class=\"elementor-widget-wrap elementor-element-populated\">\n\t\t\t\t\t\t<div class=\"elementor-element elementor-element-432495e elementor-widget elementor-widget-heading\" data-id=\"432495e\" data-element_type=\"widget\" data-e-type=\"widget\" data-widget_type=\"heading.default\">\n\t\t\t\t\t<h2 class=\"elementor-heading-title elementor-size-default\">Identificaci\u00f3n de necesidades de formaci\u00f3n en una empresa<\/h2>\t\t\t\t<\/div>\n\t\t\t\t<div class=\"elementor-element elementor-element-5e152bf elementor-widget elementor-widget-text-editor\" data-id=\"5e152bf\" data-element_type=\"widget\" data-e-type=\"widget\" data-widget_type=\"text-editor.default\">\n\t\t\t\t\t\t\t\t\t<p><span style=\"font-weight: 400;\">Para abordar de manera efectiva las necesidades de formaci\u00f3n en una empresa, primero debemos identificarlas de manera precisa. A continuaci\u00f3n, exploraremos m\u00e9todos y estrategias para realizar esta tarea cr\u00edtica.<\/span><\/p>\t\t\t\t\t\t\t\t<\/div>\n\t\t\t\t\t<\/div>\n\t\t<\/div>\n\t\t\t\t\t<\/div>\n\t\t<\/section>\n\t\t\t\t<section class=\"elementor-section elementor-top-section elementor-element elementor-element-d744ae3 elementor-section-boxed elementor-section-height-default elementor-section-height-default\" data-id=\"d744ae3\" data-element_type=\"section\" data-e-type=\"section\">\n\t\t\t\t\t\t<div class=\"elementor-container elementor-column-gap-default\">\n\t\t\t\t\t<div class=\"elementor-column elementor-col-50 elementor-top-column elementor-element elementor-element-7847873\" data-id=\"7847873\" data-element_type=\"column\" data-e-type=\"column\">\n\t\t\t<div class=\"elementor-widget-wrap elementor-element-populated\">\n\t\t\t\t\t\t<div class=\"elementor-element elementor-element-2f9bb9c elementor-widget elementor-widget-heading\" data-id=\"2f9bb9c\" data-element_type=\"widget\" data-e-type=\"widget\" data-widget_type=\"heading.default\">\n\t\t\t\t\t<h3 class=\"elementor-heading-title elementor-size-default\">M\u00e9todos de identificaci\u00f3n de necesidades de formaci\u00f3n\n<\/h3>\t\t\t\t<\/div>\n\t\t\t\t<div class=\"elementor-element elementor-element-d860211 elementor-widget elementor-widget-text-editor\" data-id=\"d860211\" data-element_type=\"widget\" data-e-type=\"widget\" data-widget_type=\"text-editor.default\">\n\t\t\t\t\t\t\t\t\t<ul><li style=\"font-weight: 400;\" aria-level=\"1\"><span style=\"font-weight: 400;\"><strong>Encuestas y cuestionarios:<\/strong> Realizar encuestas entre los empleados y departamentos puede revelar las \u00e1reas donde se sienten menos seguros o donde ven la necesidad de adquirir nuevas habilidades.<\/span><\/li><li style=\"font-weight: 400;\" aria-level=\"1\"><span style=\"font-weight: 400;\"><strong>An\u00e1lisis de desempe\u00f1o:<\/strong> Evaluar el desempe\u00f1o actual de los empleados y compararlo con los est\u00e1ndares de la empresa puede identificar deficiencias en habilidades y conocimientos.<\/span><\/li><li style=\"font-weight: 400;\" aria-level=\"1\"><span style=\"font-weight: 400;\"><strong>Evaluaci\u00f3n de competencias:<\/strong> Realizar una evaluaci\u00f3n formal de competencias puede ayudar a identificar las \u00e1reas en las que los empleados necesitan mejoras.<\/span><\/li><li style=\"font-weight: 400;\" aria-level=\"1\"><span style=\"font-weight: 400;\"><strong>Observaci\u00f3n directa:<\/strong> Observar a los empleados en sus roles puede proporcionar informaci\u00f3n sobre las \u00e1reas donde necesitan m\u00e1s capacitaci\u00f3n.<\/span><\/li><\/ul>\t\t\t\t\t\t\t\t<\/div>\n\t\t\t\t\t<\/div>\n\t\t<\/div>\n\t\t\t\t<div class=\"elementor-column elementor-col-50 elementor-top-column elementor-element elementor-element-6dffd6a\" data-id=\"6dffd6a\" data-element_type=\"column\" data-e-type=\"column\">\n\t\t\t<div class=\"elementor-widget-wrap elementor-element-populated\">\n\t\t\t\t\t\t<div class=\"elementor-element elementor-element-472f97c elementor-widget elementor-widget-heading\" data-id=\"472f97c\" data-element_type=\"widget\" data-e-type=\"widget\" data-widget_type=\"heading.default\">\n\t\t\t\t\t<h3 class=\"elementor-heading-title elementor-size-default\">Cuestionarios para detecci\u00f3n de necesidades de formaci\u00f3n\n<\/h3>\t\t\t\t<\/div>\n\t\t\t\t<div class=\"elementor-element elementor-element-da0689e elementor-widget elementor-widget-text-editor\" data-id=\"da0689e\" data-element_type=\"widget\" data-e-type=\"widget\" data-widget_type=\"text-editor.default\">\n\t\t\t\t\t\t\t\t\t<p><span style=\"font-weight: 400;\">Un enfoque efectivo para identificar las necesidades de formaci\u00f3n es utilizar cuestionarios espec\u00edficamente dise\u00f1ados. Aqu\u00ed hay algunas preguntas que pueden ayudar:<\/span><\/p><ul><li style=\"font-weight: 400;\" aria-level=\"1\"><span style=\"font-weight: 400;\">\u00bfCu\u00e1les son las <\/span><b>habilidades<\/b> <span style=\"font-weight: 400;\">en las que te sientes menos seguro en tu trabajo?<\/span><\/li><li style=\"font-weight: 400;\" aria-level=\"1\"><span style=\"font-weight: 400;\">\u00bfQu\u00e9 <\/span><b>\u00e1reas<\/b> <span style=\"font-weight: 400;\">crees que podr\u00edan mejorarse en t\u00e9rminos de <\/span><b>eficiencia y productividad<\/b><span style=\"font-weight: 400;\">?<\/span><\/li><li style=\"font-weight: 400;\" aria-level=\"1\"><span style=\"font-weight: 400;\">\u00bfTe has enfrentado a <\/span><b>desaf\u00edos espec\u00edfico<\/b><span style=\"font-weight: 400;\">s en tu rol que se habr\u00edan solucionado mejor si hubieras tenido <\/span><b>m\u00e1s habilidades o formaci\u00f3n adicional<\/b><span style=\"font-weight: 400;\">?<\/span><\/li><li style=\"font-weight: 400;\" aria-level=\"1\">\u00bfQu\u00e9 <b>habilidades o conocimientos<\/b><span> crees que ser\u00edan valiosos para tu <\/span><b>crecimiento profesional<\/b><span>?<\/span><\/li><\/ul>\t\t\t\t\t\t\t\t<\/div>\n\t\t\t\t\t<\/div>\n\t\t<\/div>\n\t\t\t\t\t<\/div>\n\t\t<\/section>\n\t\t\t\t<section class=\"elementor-section elementor-top-section elementor-element elementor-element-2f0841a elementor-section-boxed elementor-section-height-default elementor-section-height-default\" data-id=\"2f0841a\" data-element_type=\"section\" data-e-type=\"section\">\n\t\t\t\t\t\t<div class=\"elementor-container elementor-column-gap-default\">\n\t\t\t\t\t<div class=\"elementor-column elementor-col-100 elementor-top-column elementor-element elementor-element-585b2f8 elementor-hidden-mobile\" data-id=\"585b2f8\" data-element_type=\"column\" data-e-type=\"column\">\n\t\t\t<div class=\"elementor-widget-wrap elementor-element-populated\">\n\t\t\t\t\t\t<div class=\"elementor-element elementor-element-b2af398 elementor-widget-divider--view-line elementor-widget elementor-widget-divider\" data-id=\"b2af398\" data-element_type=\"widget\" data-e-type=\"widget\" data-widget_type=\"divider.default\">\n\t\t\t\t\t\t\t<div class=\"elementor-divider\">\n\t\t\t<span class=\"elementor-divider-separator\">\n\t\t\t\t\t\t<\/span>\n\t\t<\/div>\n\t\t\t\t\t\t<\/div>\n\t\t\t\t\t<\/div>\n\t\t<\/div>\n\t\t\t\t\t<\/div>\n\t\t<\/section>\n\t\t\t\t<section class=\"elementor-section elementor-top-section elementor-element elementor-element-e16691c elementor-section-boxed elementor-section-height-default elementor-section-height-default\" data-id=\"e16691c\" data-element_type=\"section\" data-e-type=\"section\" data-settings=\"{&quot;background_background&quot;:&quot;classic&quot;}\">\n\t\t\t\t\t\t<div class=\"elementor-container elementor-column-gap-default\">\n\t\t\t\t\t<div class=\"elementor-column elementor-col-100 elementor-top-column elementor-element elementor-element-13d0b9f\" data-id=\"13d0b9f\" data-element_type=\"column\" data-e-type=\"column\" data-settings=\"{&quot;background_background&quot;:&quot;classic&quot;}\">\n\t\t\t<div class=\"elementor-widget-wrap elementor-element-populated\">\n\t\t\t\t\t\t<div class=\"elementor-element elementor-element-b246068 elementor-widget elementor-widget-heading\" data-id=\"b246068\" data-element_type=\"widget\" data-e-type=\"widget\" data-widget_type=\"heading.default\">\n\t\t\t\t\t<h2 class=\"elementor-heading-title elementor-size-default\">Ejemplos de necesidades de formaci\u00f3n en una empresa<\/h2>\t\t\t\t<\/div>\n\t\t\t\t<div class=\"elementor-element elementor-element-4b0731d elementor-widget elementor-widget-text-editor\" data-id=\"4b0731d\" data-element_type=\"widget\" data-e-type=\"widget\" data-widget_type=\"text-editor.default\">\n\t\t\t\t\t\t\t\t\t<p><span style=\"font-weight: 400;\">Ahora que hemos explorado c\u00f3mo identificar las necesidades de formaci\u00f3n, veamos algunos ejemplos concretos de \u00e1reas donde una empresa podr\u00eda requerir formaci\u00f3n adicional.<\/span><\/p>\t\t\t\t\t\t\t\t<\/div>\n\t\t\t\t\t<\/div>\n\t\t<\/div>\n\t\t\t\t\t<\/div>\n\t\t<\/section>\n\t\t\t\t<section class=\"elementor-section elementor-top-section elementor-element elementor-element-42f0574 elementor-section-boxed elementor-section-height-default elementor-section-height-default\" data-id=\"42f0574\" data-element_type=\"section\" data-e-type=\"section\">\n\t\t\t\t\t\t<div class=\"elementor-container elementor-column-gap-default\">\n\t\t\t\t\t<div class=\"elementor-column elementor-col-50 elementor-top-column elementor-element elementor-element-c67af36\" data-id=\"c67af36\" data-element_type=\"column\" data-e-type=\"column\" data-settings=\"{&quot;background_background&quot;:&quot;classic&quot;}\">\n\t\t\t<div class=\"elementor-widget-wrap elementor-element-populated\">\n\t\t\t\t\t\t<div class=\"elementor-element elementor-element-53395da elementor-widget elementor-widget-heading\" data-id=\"53395da\" data-element_type=\"widget\" data-e-type=\"widget\" data-widget_type=\"heading.default\">\n\t\t\t\t\t<h3 class=\"elementor-heading-title elementor-size-default\">1: Actualizaci\u00f3n tecnol\u00f3gica\n<\/h3>\t\t\t\t<\/div>\n\t\t\t\t<div class=\"elementor-element elementor-element-18b1e91 elementor-widget elementor-widget-text-editor\" data-id=\"18b1e91\" data-element_type=\"widget\" data-e-type=\"widget\" data-widget_type=\"text-editor.default\">\n\t\t\t\t\t\t\t\t\t<p><span style=\"font-weight: 400;\">En un mundo impulsado por la tecnolog\u00eda en constante evoluci\u00f3n, es com\u00fan que los empleados necesiten actualizarse en el <\/span><b>uso de nuevas herramientas y software<\/b><span style=\"font-weight: 400;\">. Una empresa puede identificar esta necesidad cuando los empleados luchan por adaptarse a las \u00faltimas tecnolog\u00edas.<\/span><\/p>\t\t\t\t\t\t\t\t<\/div>\n\t\t\t\t\t<\/div>\n\t\t<\/div>\n\t\t\t\t<div class=\"elementor-column elementor-col-50 elementor-top-column elementor-element elementor-element-44a9530\" data-id=\"44a9530\" data-element_type=\"column\" data-e-type=\"column\" data-settings=\"{&quot;background_background&quot;:&quot;classic&quot;}\">\n\t\t\t<div class=\"elementor-widget-wrap elementor-element-populated\">\n\t\t\t\t\t\t<div class=\"elementor-element elementor-element-f103ed0 elementor-widget elementor-widget-heading\" data-id=\"f103ed0\" data-element_type=\"widget\" data-e-type=\"widget\" data-widget_type=\"heading.default\">\n\t\t\t\t\t<h3 class=\"elementor-heading-title elementor-size-default\">2: Desarrollo de habilidades de comunicaci\u00f3n\n\n<\/h3>\t\t\t\t<\/div>\n\t\t\t\t<div class=\"elementor-element elementor-element-6ab813b elementor-widget elementor-widget-text-editor\" data-id=\"6ab813b\" data-element_type=\"widget\" data-e-type=\"widget\" data-widget_type=\"text-editor.default\">\n\t\t\t\t\t\t\t\t\t<p><span style=\"font-weight: 400;\">La comunicaci\u00f3n efectiva es esencial en cualquier empresa. Si se observa una <\/span><b>falta de comunicaci\u00f3n clara o conflictos interpersonales<\/b><span style=\"font-weight: 400;\">, podr\u00eda indicar una necesidad de formaci\u00f3n en habilidades de comunicaci\u00f3n.<\/span><\/p>\t\t\t\t\t\t\t\t<\/div>\n\t\t\t\t\t<\/div>\n\t\t<\/div>\n\t\t\t\t\t<\/div>\n\t\t<\/section>\n\t\t\t\t<section class=\"elementor-section elementor-top-section elementor-element elementor-element-bbc2d78 elementor-section-boxed elementor-section-height-default elementor-section-height-default\" data-id=\"bbc2d78\" data-element_type=\"section\" data-e-type=\"section\">\n\t\t\t\t\t\t<div class=\"elementor-container elementor-column-gap-default\">\n\t\t\t\t\t<div class=\"elementor-column elementor-col-50 elementor-top-column elementor-element elementor-element-07d58a9\" data-id=\"07d58a9\" data-element_type=\"column\" data-e-type=\"column\" data-settings=\"{&quot;background_background&quot;:&quot;classic&quot;}\">\n\t\t\t<div class=\"elementor-widget-wrap elementor-element-populated\">\n\t\t\t\t\t\t<div class=\"elementor-element elementor-element-ed40cf0 elementor-widget elementor-widget-heading\" data-id=\"ed40cf0\" data-element_type=\"widget\" data-e-type=\"widget\" data-widget_type=\"heading.default\">\n\t\t\t\t\t<h3 class=\"elementor-heading-title elementor-size-default\">3: Cumplimiento normativo<\/h3>\t\t\t\t<\/div>\n\t\t\t\t<div class=\"elementor-element elementor-element-2b56624 elementor-widget elementor-widget-text-editor\" data-id=\"2b56624\" data-element_type=\"widget\" data-e-type=\"widget\" data-widget_type=\"text-editor.default\">\n\t\t\t\t\t\t\t\t\t<p><span style=\"font-weight: 400;\">En<\/span><b> industrias reguladas,<\/b><span style=\"font-weight: 400;\"> el cumplimiento normativo es crucial. Si la empresa <\/span><span style=\"font-weight: 400;\">se enfrenta a diferentes desaf\u00edos para mantenerse al d\u00eda con los cambios y actualizaciones en las regulaciones<\/span><span style=\"font-weight: 400;\">, es evidente una necesidad de formaci\u00f3n en este \u00e1mbito.<\/span><\/p>\t\t\t\t\t\t\t\t<\/div>\n\t\t\t\t\t<\/div>\n\t\t<\/div>\n\t\t\t\t<div class=\"elementor-column elementor-col-50 elementor-top-column elementor-element elementor-element-6686b14\" data-id=\"6686b14\" data-element_type=\"column\" data-e-type=\"column\" data-settings=\"{&quot;background_background&quot;:&quot;classic&quot;}\">\n\t\t\t<div class=\"elementor-widget-wrap elementor-element-populated\">\n\t\t\t\t\t\t<div class=\"elementor-element elementor-element-2622e36 elementor-widget elementor-widget-heading\" data-id=\"2622e36\" data-element_type=\"widget\" data-e-type=\"widget\" data-widget_type=\"heading.default\">\n\t\t\t\t\t<h3 class=\"elementor-heading-title elementor-size-default\">4: Liderazgo y gesti\u00f3n\n<\/h3>\t\t\t\t<\/div>\n\t\t\t\t<div class=\"elementor-element elementor-element-bdcbd46 elementor-widget elementor-widget-text-editor\" data-id=\"bdcbd46\" data-element_type=\"widget\" data-e-type=\"widget\" data-widget_type=\"text-editor.default\">\n\t\t\t\t\t\t\t\t\t<p><span style=\"font-weight: 400;\">Para empresas que buscan desarrollar l\u00edderes internamente,<\/span><b> identificar a los empleados con potencial de liderazgo<\/b><span style=\"font-weight: 400;\"> y proporcionarles la formaci\u00f3n adecuada es una necesidad clave.<\/span><\/p>\t\t\t\t\t\t\t\t<\/div>\n\t\t\t\t\t<\/div>\n\t\t<\/div>\n\t\t\t\t\t<\/div>\n\t\t<\/section>\n\t\t\t\t<section class=\"elementor-section elementor-top-section elementor-element elementor-element-2240426 elementor-section-boxed elementor-section-height-default elementor-section-height-default\" data-id=\"2240426\" data-element_type=\"section\" data-e-type=\"section\">\n\t\t\t\t\t\t<div class=\"elementor-container elementor-column-gap-default\">\n\t\t\t\t\t<div class=\"elementor-column elementor-col-100 elementor-top-column elementor-element elementor-element-81864a7 elementor-hidden-mobile\" data-id=\"81864a7\" data-element_type=\"column\" data-e-type=\"column\">\n\t\t\t<div class=\"elementor-widget-wrap elementor-element-populated\">\n\t\t\t\t\t\t<div class=\"elementor-element elementor-element-bc78be3 elementor-widget-divider--view-line elementor-widget elementor-widget-divider\" data-id=\"bc78be3\" data-element_type=\"widget\" data-e-type=\"widget\" data-widget_type=\"divider.default\">\n\t\t\t\t\t\t\t<div class=\"elementor-divider\">\n\t\t\t<span class=\"elementor-divider-separator\">\n\t\t\t\t\t\t<\/span>\n\t\t<\/div>\n\t\t\t\t\t\t<\/div>\n\t\t\t\t\t<\/div>\n\t\t<\/div>\n\t\t\t\t\t<\/div>\n\t\t<\/section>\n\t\t\t\t<section class=\"elementor-section elementor-top-section elementor-element elementor-element-0fe964e elementor-section-boxed elementor-section-height-default elementor-section-height-default\" data-id=\"0fe964e\" data-element_type=\"section\" data-e-type=\"section\">\n\t\t\t\t\t\t<div class=\"elementor-container elementor-column-gap-default\">\n\t\t\t\t\t<div class=\"elementor-column elementor-col-100 elementor-top-column elementor-element elementor-element-3e94aaf\" data-id=\"3e94aaf\" data-element_type=\"column\" data-e-type=\"column\">\n\t\t\t<div class=\"elementor-widget-wrap elementor-element-populated\">\n\t\t\t\t\t\t<div class=\"elementor-element elementor-element-d3f4edc elementor-widget elementor-widget-heading\" data-id=\"d3f4edc\" data-element_type=\"widget\" data-e-type=\"widget\" data-widget_type=\"heading.default\">\n\t\t\t\t\t<h2 class=\"elementor-heading-title elementor-size-default\">C\u00f3mo abordar las necesidades de formaci\u00f3n en una empresa<\/h2>\t\t\t\t<\/div>\n\t\t\t\t<div class=\"elementor-element elementor-element-792f6f2 elementor-widget elementor-widget-text-editor\" data-id=\"792f6f2\" data-element_type=\"widget\" data-e-type=\"widget\" data-widget_type=\"text-editor.default\">\n\t\t\t\t\t\t\t\t\t<p><span style=\"font-weight: 400;\">Una vez que se han identificado las necesidades de formaci\u00f3n, es fundamental tomar medidas efectivas para abordarlas. A continuaci\u00f3n, presentamos e<\/span><b>strategias y enfoques<\/b><span style=\"font-weight: 400;\"> para gestionar de manera exitosa estas necesidades.<\/span><\/p>\t\t\t\t\t\t\t\t<\/div>\n\t\t\t\t\t<\/div>\n\t\t<\/div>\n\t\t\t\t\t<\/div>\n\t\t<\/section>\n\t\t\t\t<section class=\"elementor-section elementor-top-section elementor-element elementor-element-8280370 elementor-section-boxed elementor-section-height-default elementor-section-height-default\" data-id=\"8280370\" data-element_type=\"section\" data-e-type=\"section\">\n\t\t\t\t\t\t<div class=\"elementor-container elementor-column-gap-default\">\n\t\t\t\t\t<div class=\"elementor-column elementor-col-50 elementor-top-column elementor-element elementor-element-f3e214f\" data-id=\"f3e214f\" data-element_type=\"column\" data-e-type=\"column\" data-settings=\"{&quot;background_background&quot;:&quot;classic&quot;}\">\n\t\t\t<div class=\"elementor-widget-wrap elementor-element-populated\">\n\t\t\t\t\t\t<div class=\"elementor-element elementor-element-ed49528 elementor-widget elementor-widget-image\" data-id=\"ed49528\" data-element_type=\"widget\" data-e-type=\"widget\" data-widget_type=\"image.default\">\n\t\t\t\t\t\t\t\t\t\t\t\t\t\t\t<img decoding=\"async\" src=\"https:\/\/gesem.es\/wp-content\/uploads\/elementor\/thumbs\/desarrollo-de-programas-de-formacion-para-empresas-rhvmv2ecd5p011b834rbccqhle5wpnf5i16ye9wwqg.jpg\" title=\"desarrollo de programas de formacion para empresas\" alt=\"desarrollo de programas de formacion para empresas\" loading=\"lazy\" \/>\t\t\t\t\t\t\t\t\t\t\t\t\t\t\t<\/div>\n\t\t\t\t\t<\/div>\n\t\t<\/div>\n\t\t\t\t<div class=\"elementor-column elementor-col-50 elementor-top-column elementor-element elementor-element-3f97710\" data-id=\"3f97710\" data-element_type=\"column\" data-e-type=\"column\" data-settings=\"{&quot;background_background&quot;:&quot;classic&quot;}\">\n\t\t\t<div class=\"elementor-widget-wrap elementor-element-populated\">\n\t\t\t\t\t\t<div class=\"elementor-element elementor-element-2d354c8 elementor-widget elementor-widget-heading\" data-id=\"2d354c8\" data-element_type=\"widget\" data-e-type=\"widget\" data-widget_type=\"heading.default\">\n\t\t\t\t\t<h3 class=\"elementor-heading-title elementor-size-default\">Desarrollo de programas de formaci\u00f3n\n<\/h3>\t\t\t\t<\/div>\n\t\t\t\t<div class=\"elementor-element elementor-element-6dd5cef elementor-widget elementor-widget-text-editor\" data-id=\"6dd5cef\" data-element_type=\"widget\" data-e-type=\"widget\" data-widget_type=\"text-editor.default\">\n\t\t\t\t\t\t\t\t\t<ul><li style=\"font-weight: 400;\" aria-level=\"1\"><span style=\"font-weight: 400;\"><strong>Dise\u00f1o de cursos personalizados:<\/strong> Desarrollar cursos de formaci\u00f3n espec\u00edficos que abarquen las \u00e1reas identificadas como necesidades. Estos cursos deben ser<b> relevantes y centrados en los objetivos<\/b>.<\/span><\/li><li style=\"font-weight: 400;\" aria-level=\"1\"><span style=\"font-weight: 400;\"><strong>E-Learning y formaci\u00f3n online:<\/strong><\/span><\/li><li style=\"font-weight: 400;\" aria-level=\"1\"><span style=\"font-weight: 400;\">Utilizar plataformas de aprendizaje <\/span><span style=\"font-weight: 400;\">a distancia\/online<\/span><span style=\"font-weight: 400;\"> para ofrecer <\/span><span style=\"font-weight: 400;\">formaci\u00f3n <\/span><span style=\"font-weight: 400;\">a los empleados, lo que permite la flexibilidad en el proceso de <\/span><span style=\"font-weight: 400;\">aprendizaje<\/span><span style=\"font-weight: 400;\">.<\/span><\/li><li style=\"font-weight: 400;\" aria-level=\"1\"><span style=\"font-weight: 400;\"><strong>Formaci\u00f3n pr\u00e1ctica:<\/strong> Cuando sea posible, brindar oportunidades de aprendizaje pr\u00e1ctico que permitan a los empleados aplicar inmediatamente lo que han aprendido.<\/span><\/li><\/ul>\t\t\t\t\t\t\t\t<\/div>\n\t\t\t\t\t<\/div>\n\t\t<\/div>\n\t\t\t\t\t<\/div>\n\t\t<\/section>\n\t\t\t\t<section class=\"elementor-section elementor-top-section elementor-element elementor-element-e1dfd51 elementor-section-boxed elementor-section-height-default elementor-section-height-default\" data-id=\"e1dfd51\" data-element_type=\"section\" data-e-type=\"section\">\n\t\t\t\t\t\t<div class=\"elementor-container elementor-column-gap-default\">\n\t\t\t\t\t<div class=\"elementor-column elementor-col-50 elementor-top-column elementor-element elementor-element-00860c1\" data-id=\"00860c1\" data-element_type=\"column\" data-e-type=\"column\" data-settings=\"{&quot;background_background&quot;:&quot;classic&quot;}\">\n\t\t\t<div class=\"elementor-widget-wrap elementor-element-populated\">\n\t\t\t\t\t\t<div class=\"elementor-element elementor-element-4f57095 elementor-widget elementor-widget-image\" data-id=\"4f57095\" data-element_type=\"widget\" data-e-type=\"widget\" data-widget_type=\"image.default\">\n\t\t\t\t\t\t\t\t\t\t\t\t\t\t\t<img decoding=\"async\" src=\"https:\/\/gesem.es\/wp-content\/uploads\/elementor\/thumbs\/evaluacion-continua-del-personal-de-la-empresa-rhvmv3c6jzqacn9uxn5xwuhy6s19xcivu5ufvjvik8.jpg\" title=\"evaluacion continua del personal de la empresa\" alt=\"evaluacion continua del personal de la empresa\" loading=\"lazy\" \/>\t\t\t\t\t\t\t\t\t\t\t\t\t\t\t<\/div>\n\t\t\t\t\t<\/div>\n\t\t<\/div>\n\t\t\t\t<div class=\"elementor-column elementor-col-50 elementor-top-column elementor-element elementor-element-3f6c78e\" data-id=\"3f6c78e\" data-element_type=\"column\" data-e-type=\"column\" data-settings=\"{&quot;background_background&quot;:&quot;classic&quot;}\">\n\t\t\t<div class=\"elementor-widget-wrap elementor-element-populated\">\n\t\t\t\t\t\t<div class=\"elementor-element elementor-element-6245dc0 elementor-widget elementor-widget-heading\" data-id=\"6245dc0\" data-element_type=\"widget\" data-e-type=\"widget\" data-widget_type=\"heading.default\">\n\t\t\t\t\t<h3 class=\"elementor-heading-title elementor-size-default\">Evaluaci\u00f3n continua\n<\/h3>\t\t\t\t<\/div>\n\t\t\t\t<div class=\"elementor-element elementor-element-2d59cba elementor-widget elementor-widget-text-editor\" data-id=\"2d59cba\" data-element_type=\"widget\" data-e-type=\"widget\" data-widget_type=\"text-editor.default\">\n\t\t\t\t\t\t\t\t\t<ul><li style=\"font-weight: 400;\" aria-level=\"1\"><span style=\"font-weight: 400;\"><strong>Seguimiento del progreso:<\/strong> Medir el progreso de los empleados a medida que participan en programas de formaci\u00f3n y realizar ajustes seg\u00fan sea necesario para garantizar que est\u00e9n obteniendo el m\u00e1ximo beneficio de la formaci\u00f3n.<\/span><\/li><li style=\"font-weight: 400;\" aria-level=\"1\"><span style=\"font-weight: 400;\"><strong><b>Feedback<\/b> de los empleados:<\/strong> Solicitar comentarios de los empleados sobre la efectividad de los programas de formaci\u00f3n y utilizar esta informaci\u00f3n para realizar mejoras.<\/span><\/li><\/ul><ul><li style=\"font-weight: 400;\" aria-level=\"1\"><span style=\"font-weight: 400;\"><strong>Evaluaciones de desempe\u00f1o:<\/strong> Integrar la evaluaci\u00f3n del desempe\u00f1o con el proceso de formaci\u00f3n para evaluar c\u00f3mo las habilidades y conocimientos adquiridos est\u00e1n impactando en las responsabilidades laborales.<\/span><\/li><\/ul>\t\t\t\t\t\t\t\t<\/div>\n\t\t\t\t\t<\/div>\n\t\t<\/div>\n\t\t\t\t\t<\/div>\n\t\t<\/section>\n\t\t\t\t<section class=\"elementor-section elementor-top-section elementor-element elementor-element-a707701 elementor-section-boxed elementor-section-height-default elementor-section-height-default\" data-id=\"a707701\" data-element_type=\"section\" data-e-type=\"section\">\n\t\t\t\t\t\t<div class=\"elementor-container elementor-column-gap-default\">\n\t\t\t\t\t<div class=\"elementor-column elementor-col-50 elementor-top-column elementor-element elementor-element-5cb7db2\" data-id=\"5cb7db2\" data-element_type=\"column\" data-e-type=\"column\" data-settings=\"{&quot;background_background&quot;:&quot;classic&quot;}\">\n\t\t\t<div class=\"elementor-widget-wrap elementor-element-populated\">\n\t\t\t\t\t\t<div class=\"elementor-element elementor-element-65cbb13 elementor-widget elementor-widget-image\" data-id=\"65cbb13\" data-element_type=\"widget\" data-e-type=\"widget\" data-widget_type=\"image.default\">\n\t\t\t\t\t\t\t\t\t\t\t\t\t\t\t<img decoding=\"async\" src=\"https:\/\/gesem.es\/wp-content\/uploads\/elementor\/thumbs\/incentivar-y-reconocer-a-un-empleado-rhvmv57uxnsuzv74mnz71u0vdjs0cqqcif5eu3sq7s.jpg\" title=\"incentivar y reconocer a un empleado\" alt=\"incentivar y reconocer a un empleado\" loading=\"lazy\" \/>\t\t\t\t\t\t\t\t\t\t\t\t\t\t\t<\/div>\n\t\t\t\t\t<\/div>\n\t\t<\/div>\n\t\t\t\t<div class=\"elementor-column elementor-col-50 elementor-top-column elementor-element elementor-element-8535cb7\" data-id=\"8535cb7\" data-element_type=\"column\" data-e-type=\"column\" data-settings=\"{&quot;background_background&quot;:&quot;classic&quot;}\">\n\t\t\t<div class=\"elementor-widget-wrap elementor-element-populated\">\n\t\t\t\t\t\t<div class=\"elementor-element elementor-element-1f4c6ff elementor-widget elementor-widget-heading\" data-id=\"1f4c6ff\" data-element_type=\"widget\" data-e-type=\"widget\" data-widget_type=\"heading.default\">\n\t\t\t\t\t<h3 class=\"elementor-heading-title elementor-size-default\">Incentivos y reconocimientos\n<\/h3>\t\t\t\t<\/div>\n\t\t\t\t<div class=\"elementor-element elementor-element-313e135 elementor-widget elementor-widget-text-editor\" data-id=\"313e135\" data-element_type=\"widget\" data-e-type=\"widget\" data-widget_type=\"text-editor.default\">\n\t\t\t\t\t\t\t\t\t<ul><li style=\"font-weight: 400;\" aria-level=\"1\"><span style=\"font-weight: 400;\"><strong>Recompensas por desempe\u00f1o:<\/strong> Ofrecer i<b>ncentivos, bonificaciones u otros reconocimientos<\/b> a aquellos empleados que demuestren un alto nivel de competencia despu\u00e9s de completar programas de formaci\u00f3n.<\/span><\/li><li style=\"font-weight: 400;\" aria-level=\"1\"><span style=\"font-weight: 400;\"><strong>Reconocimiento p\u00fablico:<\/strong> Reconocer p\u00fablicamente los<b> logros de los empleados<\/b> en t\u00e9rminos de desarrollo de habilidades, lo que puede motivar a otros a participar activamente en la formaci\u00f3n.<\/span><\/li><\/ul>\t\t\t\t\t\t\t\t<\/div>\n\t\t\t\t\t<\/div>\n\t\t<\/div>\n\t\t\t\t\t<\/div>\n\t\t<\/section>\n\t\t\t\t<section class=\"elementor-section elementor-top-section elementor-element elementor-element-beef2c1 elementor-section-boxed elementor-section-height-default elementor-section-height-default\" data-id=\"beef2c1\" data-element_type=\"section\" data-e-type=\"section\">\n\t\t\t\t\t\t<div class=\"elementor-container elementor-column-gap-default\">\n\t\t\t\t\t<div class=\"elementor-column elementor-col-50 elementor-top-column elementor-element elementor-element-13b839e\" data-id=\"13b839e\" data-element_type=\"column\" data-e-type=\"column\" data-settings=\"{&quot;background_background&quot;:&quot;classic&quot;}\">\n\t\t\t<div class=\"elementor-widget-wrap elementor-element-populated\">\n\t\t\t\t\t\t<div class=\"elementor-element elementor-element-c989d4c elementor-widget elementor-widget-image\" data-id=\"c989d4c\" data-element_type=\"widget\" data-e-type=\"widget\" data-widget_type=\"image.default\">\n\t\t\t\t\t\t\t\t\t\t\t\t\t\t\t<img decoding=\"async\" src=\"https:\/\/gesem.es\/wp-content\/uploads\/elementor\/thumbs\/formacion-continua-en-la-empresa-rhvmv73jbbvfn34ebosg6tjskbiqs4xt6ogdsnpxvc.jpg\" title=\"formacion continua en la empresa\" alt=\"formacion continua en la empresa\" loading=\"lazy\" \/>\t\t\t\t\t\t\t\t\t\t\t\t\t\t\t<\/div>\n\t\t\t\t\t<\/div>\n\t\t<\/div>\n\t\t\t\t<div class=\"elementor-column elementor-col-50 elementor-top-column elementor-element elementor-element-41a9693\" data-id=\"41a9693\" data-element_type=\"column\" data-e-type=\"column\" data-settings=\"{&quot;background_background&quot;:&quot;classic&quot;}\">\n\t\t\t<div class=\"elementor-widget-wrap elementor-element-populated\">\n\t\t\t\t\t\t<div class=\"elementor-element elementor-element-63cf15d elementor-widget elementor-widget-heading\" data-id=\"63cf15d\" data-element_type=\"widget\" data-e-type=\"widget\" data-widget_type=\"heading.default\">\n\t\t\t\t\t<h3 class=\"elementor-heading-title elementor-size-default\">Cultura de aprendizaje continuo\n<\/h3>\t\t\t\t<\/div>\n\t\t\t\t<div class=\"elementor-element elementor-element-73d0b8a elementor-widget elementor-widget-text-editor\" data-id=\"73d0b8a\" data-element_type=\"widget\" data-e-type=\"widget\" data-widget_type=\"text-editor.default\">\n\t\t\t\t\t\t\t\t\t<ul><li style=\"font-weight: 400;\" aria-level=\"1\"><span style=\"font-weight: 400;\"><strong>Promoci\u00f3n de la formaci\u00f3n:<\/strong> Fomentar una cultura de aprendizaje continuo en la empresa, donde la formaci\u00f3n se vea como una inversi\u00f3n en el desarrollo personal y profesional.<\/span><\/li><li style=\"font-weight: 400;\" aria-level=\"1\"><span style=\"font-weight: 400;\"><strong>Apoyo de la alta direcci\u00f3n:<\/strong><\/span><\/li><li style=\"font-weight: 400;\" aria-level=\"1\"><span style=\"font-weight: 400;\">Obtener el respaldo de los <\/span><span style=\"font-weight: 400;\">altos cargos y ejecutivos <\/span><span style=\"font-weight: 400;\">para la formaci\u00f3n, lo que demuestra un compromiso s\u00f3lido con el crecimiento y desarrollo de los empleados.<\/span><\/li><\/ul>\t\t\t\t\t\t\t\t<\/div>\n\t\t\t\t\t<\/div>\n\t\t<\/div>\n\t\t\t\t\t<\/div>\n\t\t<\/section>\n\t\t\t\t<section class=\"elementor-section elementor-top-section elementor-element elementor-element-cb48f43 elementor-section-boxed elementor-section-height-default elementor-section-height-default\" data-id=\"cb48f43\" data-element_type=\"section\" data-e-type=\"section\">\n\t\t\t\t\t\t<div class=\"elementor-container elementor-column-gap-default\">\n\t\t\t\t\t<div class=\"elementor-column elementor-col-100 elementor-top-column elementor-element elementor-element-42a2711 elementor-hidden-mobile\" data-id=\"42a2711\" data-element_type=\"column\" data-e-type=\"column\">\n\t\t\t<div class=\"elementor-widget-wrap elementor-element-populated\">\n\t\t\t\t\t\t<div class=\"elementor-element elementor-element-5fc0cba elementor-widget-divider--view-line elementor-widget elementor-widget-divider\" data-id=\"5fc0cba\" data-element_type=\"widget\" data-e-type=\"widget\" data-widget_type=\"divider.default\">\n\t\t\t\t\t\t\t<div class=\"elementor-divider\">\n\t\t\t<span class=\"elementor-divider-separator\">\n\t\t\t\t\t\t<\/span>\n\t\t<\/div>\n\t\t\t\t\t\t<\/div>\n\t\t\t\t\t<\/div>\n\t\t<\/div>\n\t\t\t\t\t<\/div>\n\t\t<\/section>\n\t\t\t\t<section class=\"elementor-section elementor-top-section elementor-element elementor-element-63ceb7a elementor-section-boxed elementor-section-height-default elementor-section-height-default\" data-id=\"63ceb7a\" data-element_type=\"section\" data-e-type=\"section\">\n\t\t\t\t\t\t<div class=\"elementor-container elementor-column-gap-default\">\n\t\t\t\t\t<div class=\"elementor-column elementor-col-100 elementor-top-column elementor-element elementor-element-e6a2b25\" data-id=\"e6a2b25\" data-element_type=\"column\" data-e-type=\"column\">\n\t\t\t<div class=\"elementor-widget-wrap elementor-element-populated\">\n\t\t\t\t\t\t<div class=\"elementor-element elementor-element-e7e26cc elementor-widget elementor-widget-heading\" data-id=\"e7e26cc\" data-element_type=\"widget\" data-e-type=\"widget\" data-widget_type=\"heading.default\">\n\t\t\t\t\t<h2 class=\"elementor-heading-title elementor-size-default\">Cuestionario de necesidades de formaci\u00f3n en una empresa\n<\/h2>\t\t\t\t<\/div>\n\t\t\t\t<div class=\"elementor-element elementor-element-b0ab796 elementor-widget elementor-widget-text-editor\" data-id=\"b0ab796\" data-element_type=\"widget\" data-e-type=\"widget\" data-widget_type=\"text-editor.default\">\n\t\t\t\t\t\t\t\t\t<p><span style=\"font-weight: 400;\">Un cuestionario de necesidades de formaci\u00f3n es una herramienta valiosa para evaluar las \u00e1reas de mejora dentro de una organizaci\u00f3n. Aqu\u00ed hay una serie de preguntas que puedes incluir en un cuestionario para identificar las necesidades de formaci\u00f3n en tu empresa:<\/span><\/p><p><span style=\"font-weight: 400;\">Utilizar este tipo de cuestionario puede ayudar a recopilar informaci\u00f3n valiosa de los empleados y guiar la planificaci\u00f3n de programas de formaci\u00f3n efectivos.<\/span><\/p>\t\t\t\t\t\t\t\t<\/div>\n\t\t\t\t<div class=\"elementor-element elementor-element-e3dc8a4 elementor-icon-list--layout-traditional elementor-list-item-link-full_width elementor-widget elementor-widget-icon-list\" data-id=\"e3dc8a4\" data-element_type=\"widget\" data-e-type=\"widget\" data-widget_type=\"icon-list.default\">\n\t\t\t\t\t\t\t<ul class=\"elementor-icon-list-items\">\n\t\t\t\t\t\t\t<li class=\"elementor-icon-list-item\">\n\t\t\t\t\t\t\t\t\t\t\t<span class=\"elementor-icon-list-icon\">\n\t\t\t\t\t\t\t<svg aria-hidden=\"true\" class=\"e-font-icon-svg e-fas-check\" viewBox=\"0 0 512 512\" xmlns=\"http:\/\/www.w3.org\/2000\/svg\"><path d=\"M173.898 439.404l-166.4-166.4c-9.997-9.997-9.997-26.206 0-36.204l36.203-36.204c9.997-9.998 26.207-9.998 36.204 0L192 312.69 432.095 72.596c9.997-9.997 26.207-9.997 36.204 0l36.203 36.204c9.997 9.997 9.997 26.206 0 36.204l-294.4 294.401c-9.998 9.997-26.207 9.997-36.204-.001z\"><\/path><\/svg>\t\t\t\t\t\t<\/span>\n\t\t\t\t\t\t\t\t\t\t<span class=\"elementor-icon-list-text\">\u00bfCu\u00e1les son las habilidades en las que te sientes menos competente en tu puesto de trabajo?<\/span>\n\t\t\t\t\t\t\t\t\t<\/li>\n\t\t\t\t\t\t\t\t<li class=\"elementor-icon-list-item\">\n\t\t\t\t\t\t\t\t\t\t\t<span class=\"elementor-icon-list-icon\">\n\t\t\t\t\t\t\t<svg aria-hidden=\"true\" class=\"e-font-icon-svg e-fas-check\" viewBox=\"0 0 512 512\" xmlns=\"http:\/\/www.w3.org\/2000\/svg\"><path d=\"M173.898 439.404l-166.4-166.4c-9.997-9.997-9.997-26.206 0-36.204l36.203-36.204c9.997-9.998 26.207-9.998 36.204 0L192 312.69 432.095 72.596c9.997-9.997 26.207-9.997 36.204 0l36.203 36.204c9.997 9.997 9.997 26.206 0 36.204l-294.4 294.401c-9.998 9.997-26.207 9.997-36.204-.001z\"><\/path><\/svg>\t\t\t\t\t\t<\/span>\n\t\t\t\t\t\t\t\t\t\t<span class=\"elementor-icon-list-text\">\u00bfSientes que tienes acceso a las herramientas y recursos necesarios para realizar tu trabajo de manera eficiente?<\/span>\n\t\t\t\t\t\t\t\t\t<\/li>\n\t\t\t\t\t\t\t\t<li class=\"elementor-icon-list-item\">\n\t\t\t\t\t\t\t\t\t\t\t<span class=\"elementor-icon-list-icon\">\n\t\t\t\t\t\t\t<svg aria-hidden=\"true\" class=\"e-font-icon-svg e-fas-check\" viewBox=\"0 0 512 512\" xmlns=\"http:\/\/www.w3.org\/2000\/svg\"><path d=\"M173.898 439.404l-166.4-166.4c-9.997-9.997-9.997-26.206 0-36.204l36.203-36.204c9.997-9.998 26.207-9.998 36.204 0L192 312.69 432.095 72.596c9.997-9.997 26.207-9.997 36.204 0l36.203 36.204c9.997 9.997 9.997 26.206 0 36.204l-294.4 294.401c-9.998 9.997-26.207 9.997-36.204-.001z\"><\/path><\/svg>\t\t\t\t\t\t<\/span>\n\t\t\t\t\t\t\t\t\t\t<span class=\"elementor-icon-list-text\">\u00bfHas experimentado situaciones en las que la falta de conocimientos o habilidades te ha impedido cumplir con tus responsabilidades laborales?<\/span>\n\t\t\t\t\t\t\t\t\t<\/li>\n\t\t\t\t\t\t\t\t<li class=\"elementor-icon-list-item\">\n\t\t\t\t\t\t\t\t\t\t\t<span class=\"elementor-icon-list-icon\">\n\t\t\t\t\t\t\t<svg aria-hidden=\"true\" class=\"e-font-icon-svg e-fas-check\" viewBox=\"0 0 512 512\" xmlns=\"http:\/\/www.w3.org\/2000\/svg\"><path d=\"M173.898 439.404l-166.4-166.4c-9.997-9.997-9.997-26.206 0-36.204l36.203-36.204c9.997-9.998 26.207-9.998 36.204 0L192 312.69 432.095 72.596c9.997-9.997 26.207-9.997 36.204 0l36.203 36.204c9.997 9.997 9.997 26.206 0 36.204l-294.4 294.401c-9.998 9.997-26.207 9.997-36.204-.001z\"><\/path><\/svg>\t\t\t\t\t\t<\/span>\n\t\t\t\t\t\t\t\t\t\t<span class=\"elementor-icon-list-text\">\u00bfQu\u00e9 \u00e1reas de formaci\u00f3n crees que ser\u00edan beneficiosas para tu crecimiento profesional?<\/span>\n\t\t\t\t\t\t\t\t\t<\/li>\n\t\t\t\t\t\t\t\t<li class=\"elementor-icon-list-item\">\n\t\t\t\t\t\t\t\t\t\t\t<span class=\"elementor-icon-list-icon\">\n\t\t\t\t\t\t\t<svg aria-hidden=\"true\" class=\"e-font-icon-svg e-fas-check\" viewBox=\"0 0 512 512\" xmlns=\"http:\/\/www.w3.org\/2000\/svg\"><path d=\"M173.898 439.404l-166.4-166.4c-9.997-9.997-9.997-26.206 0-36.204l36.203-36.204c9.997-9.998 26.207-9.998 36.204 0L192 312.69 432.095 72.596c9.997-9.997 26.207-9.997 36.204 0l36.203 36.204c9.997 9.997 9.997 26.206 0 36.204l-294.4 294.401c-9.998 9.997-26.207 9.997-36.204-.001z\"><\/path><\/svg>\t\t\t\t\t\t<\/span>\n\t\t\t\t\t\t\t\t\t\t<span class=\"elementor-icon-list-text\">\u00bfCu\u00e1l es tu opini\u00f3n sobre los programas de formaci\u00f3n actuales en la empresa? \u00bfQu\u00e9 sugerencias tienes para mejorarlos?<\/span>\n\t\t\t\t\t\t\t\t\t<\/li>\n\t\t\t\t\t\t<\/ul>\n\t\t\t\t\t\t<\/div>\n\t\t\t\t\t<\/div>\n\t\t<\/div>\n\t\t\t\t\t<\/div>\n\t\t<\/section>\n\t\t\t\t<section class=\"elementor-section elementor-top-section elementor-element elementor-element-5dd99f0 elementor-section-boxed elementor-section-height-default elementor-section-height-default\" data-id=\"5dd99f0\" data-element_type=\"section\" data-e-type=\"section\">\n\t\t\t\t\t\t<div class=\"elementor-container elementor-column-gap-default\">\n\t\t\t\t\t<div class=\"elementor-column elementor-col-50 elementor-top-column elementor-element elementor-element-537db67\" data-id=\"537db67\" data-element_type=\"column\" data-e-type=\"column\">\n\t\t\t<div class=\"elementor-widget-wrap elementor-element-populated\">\n\t\t\t\t\t\t<div class=\"elementor-element elementor-element-23b5afa elementor-widget elementor-widget-heading\" data-id=\"23b5afa\" data-element_type=\"widget\" data-e-type=\"widget\" data-widget_type=\"heading.default\">\n\t\t\t\t\t<h2 class=\"elementor-heading-title elementor-size-default\">Tipos de necesidades de formaci\u00f3n en una empresa\n<\/h2>\t\t\t\t<\/div>\n\t\t\t\t<div class=\"elementor-element elementor-element-2c60e90 elementor-widget elementor-widget-text-editor\" data-id=\"2c60e90\" data-element_type=\"widget\" data-e-type=\"widget\" data-widget_type=\"text-editor.default\">\n\t\t\t\t\t\t\t\t\t<p><span style=\"font-weight: 400;\">Las necesidades de formaci\u00f3n en una empresa pueden clasificarse en varias categor\u00edas <\/span><b>seg\u00fan su naturaleza y alcance<\/b><span style=\"font-weight: 400;\">. Aqu\u00ed se presentan algunos de los tipos m\u00e1s comunes:<\/span><\/p>\t\t\t\t\t\t\t\t<\/div>\n\t\t\t\t\t<\/div>\n\t\t<\/div>\n\t\t\t\t<div class=\"elementor-column elementor-col-50 elementor-top-column elementor-element elementor-element-898fff0\" data-id=\"898fff0\" data-element_type=\"column\" data-e-type=\"column\" data-settings=\"{&quot;background_background&quot;:&quot;classic&quot;}\">\n\t\t\t<div class=\"elementor-widget-wrap elementor-element-populated\">\n\t\t\t\t\t\t<div class=\"elementor-element elementor-element-df6e49a elementor-widget elementor-widget-spacer\" data-id=\"df6e49a\" data-element_type=\"widget\" data-e-type=\"widget\" data-widget_type=\"spacer.default\">\n\t\t\t\t\t\t\t<div class=\"elementor-spacer\">\n\t\t\t<div class=\"elementor-spacer-inner\"><\/div>\n\t\t<\/div>\n\t\t\t\t\t\t<\/div>\n\t\t\t\t\t<\/div>\n\t\t<\/div>\n\t\t\t\t\t<\/div>\n\t\t<\/section>\n\t\t\t\t<section class=\"elementor-section elementor-top-section elementor-element elementor-element-fdfd7c5 elementor-section-boxed elementor-section-height-default elementor-section-height-default\" data-id=\"fdfd7c5\" data-element_type=\"section\" data-e-type=\"section\">\n\t\t\t\t\t\t<div class=\"elementor-container elementor-column-gap-default\">\n\t\t\t\t\t<div class=\"elementor-column elementor-col-33 elementor-top-column elementor-element elementor-element-d9d6547\" data-id=\"d9d6547\" data-element_type=\"column\" data-e-type=\"column\" data-settings=\"{&quot;background_background&quot;:&quot;classic&quot;}\">\n\t\t\t<div class=\"elementor-widget-wrap elementor-element-populated\">\n\t\t\t\t\t\t<div class=\"elementor-element elementor-element-1e947a7 elementor-widget elementor-widget-heading\" data-id=\"1e947a7\" data-element_type=\"widget\" data-e-type=\"widget\" data-widget_type=\"heading.default\">\n\t\t\t\t\t<h3 class=\"elementor-heading-title elementor-size-default\">Necesidades de formaci\u00f3n funcionales\n<\/h3>\t\t\t\t<\/div>\n\t\t\t\t<div class=\"elementor-element elementor-element-4e5c8dc elementor-widget-divider--view-line elementor-widget elementor-widget-divider\" data-id=\"4e5c8dc\" data-element_type=\"widget\" data-e-type=\"widget\" data-widget_type=\"divider.default\">\n\t\t\t\t\t\t\t<div class=\"elementor-divider\">\n\t\t\t<span class=\"elementor-divider-separator\">\n\t\t\t\t\t\t<\/span>\n\t\t<\/div>\n\t\t\t\t\t\t<\/div>\n\t\t\t\t<div class=\"elementor-element elementor-element-d99d2e3 elementor-widget elementor-widget-text-editor\" data-id=\"d99d2e3\" data-element_type=\"widget\" data-e-type=\"widget\" data-widget_type=\"text-editor.default\">\n\t\t\t\t\t\t\t\t\t<p><span style=\"font-weight: 400;\">Estas necesidades se refieren a la adquisici\u00f3n de habilidades y conocimientos espec\u00edficos relacionados con las <\/span><b>funciones y tareas diarias de los empleados<\/b><span style=\"font-weight: 400;\">. <\/span><span style=\"font-weight: 400;\">Aqu\u00ed incluir\u00edamos<\/span><span style=\"font-weight: 400;\"> la formaci\u00f3n en software especializado, procesos de producci\u00f3n o servicio al cliente.<\/span><\/p>\t\t\t\t\t\t\t\t<\/div>\n\t\t\t\t\t<\/div>\n\t\t<\/div>\n\t\t\t\t<div class=\"elementor-column elementor-col-33 elementor-top-column elementor-element elementor-element-f0af222\" data-id=\"f0af222\" data-element_type=\"column\" data-e-type=\"column\" data-settings=\"{&quot;background_background&quot;:&quot;classic&quot;}\">\n\t\t\t<div class=\"elementor-widget-wrap elementor-element-populated\">\n\t\t\t\t\t\t<div class=\"elementor-element elementor-element-c7c725b elementor-widget elementor-widget-heading\" data-id=\"c7c725b\" data-element_type=\"widget\" data-e-type=\"widget\" data-widget_type=\"heading.default\">\n\t\t\t\t\t<h3 class=\"elementor-heading-title elementor-size-default\">Necesidades de formaci\u00f3n de cumplimiento\n<\/h3>\t\t\t\t<\/div>\n\t\t\t\t<div class=\"elementor-element elementor-element-1eca700 elementor-widget-divider--view-line elementor-widget elementor-widget-divider\" data-id=\"1eca700\" data-element_type=\"widget\" data-e-type=\"widget\" data-widget_type=\"divider.default\">\n\t\t\t\t\t\t\t<div class=\"elementor-divider\">\n\t\t\t<span class=\"elementor-divider-separator\">\n\t\t\t\t\t\t<\/span>\n\t\t<\/div>\n\t\t\t\t\t\t<\/div>\n\t\t\t\t<div class=\"elementor-element elementor-element-1dafa85 elementor-widget elementor-widget-text-editor\" data-id=\"1dafa85\" data-element_type=\"widget\" data-e-type=\"widget\" data-widget_type=\"text-editor.default\">\n\t\t\t\t\t\t\t\t\t<p><span style=\"font-weight: 400;\">En industrias reguladas, como la atenci\u00f3n m\u00e9dica o la industria farmac\u00e9utica, es fundamental garantizar que los empleados est\u00e9n al <\/span><span style=\"font-weight: 400;\">d\u00eda <\/span><span style=\"font-weight: 400;\">de las <\/span><b>regulaciones y pol\u00edticas<\/b><span style=\"font-weight: 400;\">. La formaci\u00f3n de cumplimiento se enfoca en garantizar que todos los empleados cumplan con los <\/span><b>est\u00e1ndares legales y \u00e9ticos<\/b><span style=\"font-weight: 400;\">.<\/span><\/p>\t\t\t\t\t\t\t\t<\/div>\n\t\t\t\t\t<\/div>\n\t\t<\/div>\n\t\t\t\t<div class=\"elementor-column elementor-col-33 elementor-top-column elementor-element elementor-element-4ecd7f1\" data-id=\"4ecd7f1\" data-element_type=\"column\" data-e-type=\"column\" data-settings=\"{&quot;background_background&quot;:&quot;classic&quot;}\">\n\t\t\t<div class=\"elementor-widget-wrap elementor-element-populated\">\n\t\t\t\t\t\t<div class=\"elementor-element elementor-element-f514a81 elementor-widget elementor-widget-heading\" data-id=\"f514a81\" data-element_type=\"widget\" data-e-type=\"widget\" data-widget_type=\"heading.default\">\n\t\t\t\t\t<h3 class=\"elementor-heading-title elementor-size-default\">Necesidades de Formaci\u00f3n de Desarrollo Profesional\n<\/h3>\t\t\t\t<\/div>\n\t\t\t\t<div class=\"elementor-element elementor-element-977d050 elementor-widget-divider--view-line elementor-widget elementor-widget-divider\" data-id=\"977d050\" data-element_type=\"widget\" data-e-type=\"widget\" data-widget_type=\"divider.default\">\n\t\t\t\t\t\t\t<div class=\"elementor-divider\">\n\t\t\t<span class=\"elementor-divider-separator\">\n\t\t\t\t\t\t<\/span>\n\t\t<\/div>\n\t\t\t\t\t\t<\/div>\n\t\t\t\t<div class=\"elementor-element elementor-element-ca1248e elementor-widget elementor-widget-text-editor\" data-id=\"ca1248e\" data-element_type=\"widget\" data-e-type=\"widget\" data-widget_type=\"text-editor.default\">\n\t\t\t\t\t\t\t\t\t<p><span style=\"font-weight: 400;\">Estas necesidades se centran en el crecimiento individual y el <\/span><span style=\"font-weight: 400;\">avance en la carrera profesional<\/span><span style=\"font-weight: 400;\"> de los empleados. Incluyen la <\/span><b>formaci\u00f3n en liderazgo, habilidades de comunicaci\u00f3n, gesti\u00f3n del tiempo<\/b><span style=\"font-weight: 400;\"> y otras habilidades que mejoran el desarrollo profesional.<\/span><\/p>\t\t\t\t\t\t\t\t<\/div>\n\t\t\t\t\t<\/div>\n\t\t<\/div>\n\t\t\t\t\t<\/div>\n\t\t<\/section>\n\t\t\t\t<section class=\"elementor-section elementor-top-section elementor-element elementor-element-b0c47ec elementor-section-boxed elementor-section-height-default elementor-section-height-default\" data-id=\"b0c47ec\" data-element_type=\"section\" data-e-type=\"section\" data-settings=\"{&quot;background_background&quot;:&quot;classic&quot;}\">\n\t\t\t\t\t\t<div class=\"elementor-container elementor-column-gap-default\">\n\t\t\t\t\t<div class=\"elementor-column elementor-col-50 elementor-top-column elementor-element elementor-element-ef32f3a\" data-id=\"ef32f3a\" data-element_type=\"column\" data-e-type=\"column\" data-settings=\"{&quot;background_background&quot;:&quot;classic&quot;}\">\n\t\t\t<div class=\"elementor-widget-wrap elementor-element-populated\">\n\t\t\t\t\t\t<div class=\"elementor-element elementor-element-8e3f435 elementor-widget elementor-widget-heading\" data-id=\"8e3f435\" data-element_type=\"widget\" data-e-type=\"widget\" data-widget_type=\"heading.default\">\n\t\t\t\t\t<h3 class=\"elementor-heading-title elementor-size-default\">Necesidades de Formaci\u00f3n de Integraci\u00f3n\n<\/h3>\t\t\t\t<\/div>\n\t\t\t\t<div class=\"elementor-element elementor-element-e65e74b elementor-widget-divider--view-line elementor-widget elementor-widget-divider\" data-id=\"e65e74b\" data-element_type=\"widget\" data-e-type=\"widget\" data-widget_type=\"divider.default\">\n\t\t\t\t\t\t\t<div class=\"elementor-divider\">\n\t\t\t<span class=\"elementor-divider-separator\">\n\t\t\t\t\t\t<\/span>\n\t\t<\/div>\n\t\t\t\t\t\t<\/div>\n\t\t\t\t<div class=\"elementor-element elementor-element-33d75aa elementor-widget elementor-widget-text-editor\" data-id=\"33d75aa\" data-element_type=\"widget\" data-e-type=\"widget\" data-widget_type=\"text-editor.default\">\n\t\t\t\t\t\t\t\t\t<p><span style=\"font-weight: 400;\">Cuando se contratan nuevos empleados o se integran a un nuevo equipo, es importante proporcionar formaci\u00f3n para ayudarlos a <\/span><b>adaptarse r\u00e1pidamente a la cultura y los procesos<\/b><span style=\"font-weight: 400;\"> de la empresa.<\/span><\/p>\t\t\t\t\t\t\t\t<\/div>\n\t\t\t\t\t<\/div>\n\t\t<\/div>\n\t\t\t\t<div class=\"elementor-column elementor-col-50 elementor-top-column elementor-element elementor-element-94baa75\" data-id=\"94baa75\" data-element_type=\"column\" data-e-type=\"column\" data-settings=\"{&quot;background_background&quot;:&quot;classic&quot;}\">\n\t\t\t<div class=\"elementor-widget-wrap elementor-element-populated\">\n\t\t\t\t\t\t<div class=\"elementor-element elementor-element-b55bf97 elementor-widget elementor-widget-heading\" data-id=\"b55bf97\" data-element_type=\"widget\" data-e-type=\"widget\" data-widget_type=\"heading.default\">\n\t\t\t\t\t<h3 class=\"elementor-heading-title elementor-size-default\">Necesidades de formaci\u00f3n  reorganizacional<\/h3>\t\t\t\t<\/div>\n\t\t\t\t<div class=\"elementor-element elementor-element-0e8c302 elementor-widget-divider--view-line elementor-widget elementor-widget-divider\" data-id=\"0e8c302\" data-element_type=\"widget\" data-e-type=\"widget\" data-widget_type=\"divider.default\">\n\t\t\t\t\t\t\t<div class=\"elementor-divider\">\n\t\t\t<span class=\"elementor-divider-separator\">\n\t\t\t\t\t\t<\/span>\n\t\t<\/div>\n\t\t\t\t\t\t<\/div>\n\t\t\t\t<div class=\"elementor-element elementor-element-c607f9c elementor-widget elementor-widget-text-editor\" data-id=\"c607f9c\" data-element_type=\"widget\" data-e-type=\"widget\" data-widget_type=\"text-editor.default\">\n\t\t\t\t\t\t\t\t\t<p><span style=\"font-weight: 400;\">Cuando una empresa implementa cambios significativos, como una <\/span><b>reestructuraci\u00f3n o la adopci\u00f3n de nuevas tecnolog\u00edas<\/b><span style=\"font-weight: 400;\">, los empleados pueden requerir formaci\u00f3n para adaptarse a estos cambios.<\/span><\/p>\t\t\t\t\t\t\t\t<\/div>\n\t\t\t\t\t<\/div>\n\t\t<\/div>\n\t\t\t\t\t<\/div>\n\t\t<\/section>\n\t\t\t\t<section class=\"elementor-section elementor-top-section elementor-element elementor-element-55be614 elementor-section-boxed elementor-section-height-default elementor-section-height-default\" data-id=\"55be614\" data-element_type=\"section\" data-e-type=\"section\">\n\t\t\t\t\t\t<div class=\"elementor-container elementor-column-gap-default\">\n\t\t\t\t\t<div class=\"elementor-column elementor-col-100 elementor-top-column elementor-element elementor-element-2cd0a01\" data-id=\"2cd0a01\" data-element_type=\"column\" data-e-type=\"column\">\n\t\t\t<div class=\"elementor-widget-wrap elementor-element-populated\">\n\t\t\t\t\t\t<div class=\"elementor-element elementor-element-26a8dcb elementor-widget elementor-widget-heading\" data-id=\"26a8dcb\" data-element_type=\"widget\" data-e-type=\"widget\" data-widget_type=\"heading.default\">\n\t\t\t\t\t<h2 class=\"elementor-heading-title elementor-size-default\">Recursos formativos para empresas: Optimizando el aprendizaje<\/h2>\t\t\t\t<\/div>\n\t\t\t\t<div class=\"elementor-element elementor-element-98aa112 elementor-widget elementor-widget-text-editor\" data-id=\"98aa112\" data-element_type=\"widget\" data-e-type=\"widget\" data-widget_type=\"text-editor.default\">\n\t\t\t\t\t\t\t\t\t<p><span style=\"font-weight: 400;\">La elecci\u00f3n de los recursos formativos adecuados es esencial para <\/span><span style=\"font-weight: 400;\">dar respuesta a<\/span><span style=\"font-weight: 400;\"> las necesidades de formaci\u00f3n en una empresa de manera efectiva. A continuaci\u00f3n, se presentan <\/span><span style=\"font-weight: 400;\">algunos recursos <\/span><span style=\"font-weight: 400;\">que pueden <\/span><span style=\"font-weight: 400;\">utilizarse<\/span><span style=\"font-weight: 400;\">:<\/span><\/p>\t\t\t\t\t\t\t\t<\/div>\n\t\t\t\t\t<\/div>\n\t\t<\/div>\n\t\t\t\t\t<\/div>\n\t\t<\/section>\n\t\t\t\t<section class=\"elementor-section elementor-top-section elementor-element elementor-element-e84754d elementor-section-boxed elementor-section-height-default elementor-section-height-default\" data-id=\"e84754d\" data-element_type=\"section\" data-e-type=\"section\">\n\t\t\t\t\t\t<div class=\"elementor-container elementor-column-gap-default\">\n\t\t\t\t\t<div class=\"elementor-column elementor-col-25 elementor-top-column elementor-element elementor-element-3e2f9eb\" data-id=\"3e2f9eb\" data-element_type=\"column\" data-e-type=\"column\">\n\t\t\t<div class=\"elementor-widget-wrap elementor-element-populated\">\n\t\t\t\t\t\t<div class=\"elementor-element elementor-element-b9c32e3 elementor-widget elementor-widget-image\" data-id=\"b9c32e3\" data-element_type=\"widget\" data-e-type=\"widget\" data-widget_type=\"image.default\">\n\t\t\t\t\t\t\t\t\t\t\t\t\t\t\t<img decoding=\"async\" width=\"150\" height=\"150\" src=\"https:\/\/gesem.es\/wp-content\/uploads\/2023\/07\/Icono-formacion-empleados-para-empresas.png\" class=\"attachment-large size-large wp-image-7622\" alt=\"Icono-formacion-empleados-para-empresas\" srcset=\"https:\/\/gesem.es\/wp-content\/uploads\/2023\/07\/Icono-formacion-empleados-para-empresas.png 150w, https:\/\/gesem.es\/wp-content\/uploads\/2023\/07\/Icono-formacion-empleados-para-empresas-100x100.png 100w, https:\/\/gesem.es\/wp-content\/uploads\/2023\/07\/elementor\/thumbs\/Icono-formacion-empleados-para-empresas-q99dnwb2nqmsdqucmnolfro557gku3mrpjhvi1joyq.png 125w\" sizes=\"(max-width: 150px) 100vw, 150px\" \/>\t\t\t\t\t\t\t\t\t\t\t\t\t\t\t<\/div>\n\t\t\t\t<div class=\"elementor-element elementor-element-9d7fde9 elementor-widget elementor-widget-heading\" data-id=\"9d7fde9\" data-element_type=\"widget\" data-e-type=\"widget\" data-widget_type=\"heading.default\">\n\t\t\t\t\t<h3 class=\"elementor-heading-title elementor-size-default\">Formaci\u00f3n en el aula\n<\/h3>\t\t\t\t<\/div>\n\t\t\t\t<div class=\"elementor-element elementor-element-257a230 elementor-widget elementor-widget-text-editor\" data-id=\"257a230\" data-element_type=\"widget\" data-e-type=\"widget\" data-widget_type=\"text-editor.default\">\n\t\t\t\t\t\t\t\t\t<p><span style=\"font-weight: 400;\">La formaci\u00f3n en el aula sigue siendo una opci\u00f3n valiosa, especialmente para interacciones personalizadas y pr\u00e1cticas. Los instructores expertos pueden proporcionar una experiencia de aprendizaje enriquecedora.<\/span><\/p>\t\t\t\t\t\t\t\t<\/div>\n\t\t\t\t\t<\/div>\n\t\t<\/div>\n\t\t\t\t<div class=\"elementor-column elementor-col-25 elementor-top-column elementor-element elementor-element-83c6570\" data-id=\"83c6570\" data-element_type=\"column\" data-e-type=\"column\">\n\t\t\t<div class=\"elementor-widget-wrap elementor-element-populated\">\n\t\t\t\t\t\t<div class=\"elementor-element elementor-element-78f71d9 elementor-widget elementor-widget-image\" data-id=\"78f71d9\" data-element_type=\"widget\" data-e-type=\"widget\" data-widget_type=\"image.default\">\n\t\t\t\t\t\t\t\t\t\t\t\t\t\t\t<img decoding=\"async\" width=\"150\" height=\"150\" src=\"https:\/\/gesem.es\/wp-content\/uploads\/2023\/07\/Icono-formacion-soft-power-skills-para-empresas.png\" class=\"attachment-large size-large wp-image-7614\" alt=\"Icono-formacion-soft-power-skills-para-empresas\" srcset=\"https:\/\/gesem.es\/wp-content\/uploads\/2023\/07\/Icono-formacion-soft-power-skills-para-empresas.png 150w, https:\/\/gesem.es\/wp-content\/uploads\/2023\/07\/Icono-formacion-soft-power-skills-para-empresas-100x100.png 100w, https:\/\/gesem.es\/wp-content\/uploads\/2023\/07\/elementor\/thumbs\/Icono-formacion-soft-power-skills-para-empresas-q99dhv6ct0djvtlqujtrxsgnx76sg0orvospn4hmw2.png 125w\" sizes=\"(max-width: 150px) 100vw, 150px\" \/>\t\t\t\t\t\t\t\t\t\t\t\t\t\t\t<\/div>\n\t\t\t\t<div class=\"elementor-element elementor-element-001f194 elementor-widget elementor-widget-heading\" data-id=\"001f194\" data-element_type=\"widget\" data-e-type=\"widget\" data-widget_type=\"heading.default\">\n\t\t\t\t\t<h3 class=\"elementor-heading-title elementor-size-default\">Mentor\u00eda y coaching\n<\/h3>\t\t\t\t<\/div>\n\t\t\t\t<div class=\"elementor-element elementor-element-786ea1f elementor-widget elementor-widget-text-editor\" data-id=\"786ea1f\" data-element_type=\"widget\" data-e-type=\"widget\" data-widget_type=\"text-editor.default\">\n\t\t\t\t\t\t\t\t\t<p><span style=\"font-weight: 400;\">Asignar mentores o entrenadores a los empleados puede ser una forma efectiva de proporcionar <\/span><b>orientaci\u00f3n individualizada<\/b><span style=\"font-weight: 400;\"> y desarrollo de habilidades.<\/span><\/p>\t\t\t\t\t\t\t\t<\/div>\n\t\t\t\t\t<\/div>\n\t\t<\/div>\n\t\t\t\t<div class=\"elementor-column elementor-col-25 elementor-top-column elementor-element elementor-element-ccb38ce\" data-id=\"ccb38ce\" data-element_type=\"column\" data-e-type=\"column\" data-settings=\"{&quot;background_background&quot;:&quot;classic&quot;}\">\n\t\t\t<div class=\"elementor-widget-wrap elementor-element-populated\">\n\t\t\t\t\t\t<div class=\"elementor-element elementor-element-8102fdf elementor-widget elementor-widget-image\" data-id=\"8102fdf\" data-element_type=\"widget\" data-e-type=\"widget\" data-widget_type=\"image.default\">\n\t\t\t\t\t\t\t\t\t\t\t\t\t\t\t\t<a href=\"\">\n\t\t\t\t\t\t\t<img decoding=\"async\" width=\"150\" height=\"150\" src=\"https:\/\/gesem.es\/wp-content\/uploads\/2023\/09\/formacion-linea-icono.png\" class=\"attachment-large size-large wp-image-9709\" alt=\"formacion-linea-icono\" srcset=\"https:\/\/gesem.es\/wp-content\/uploads\/2023\/09\/formacion-linea-icono.png 150w, https:\/\/gesem.es\/wp-content\/uploads\/2023\/09\/formacion-linea-icono-100x100.png 100w\" sizes=\"(max-width: 150px) 100vw, 150px\" \/>\t\t\t\t\t\t\t\t<\/a>\n\t\t\t\t\t\t\t\t\t\t\t\t\t\t\t<\/div>\n\t\t\t\t<div class=\"elementor-element elementor-element-091379c elementor-widget elementor-widget-heading\" data-id=\"091379c\" data-element_type=\"widget\" data-e-type=\"widget\" data-widget_type=\"heading.default\">\n\t\t\t\t\t<h3 class=\"elementor-heading-title elementor-size-default\"><a href=\"\">Plataformas de aprendizaje online<\/a><\/h3>\t\t\t\t<\/div>\n\t\t\t\t<div class=\"elementor-element elementor-element-3bfd09f elementor-widget elementor-widget-text-editor\" data-id=\"3bfd09f\" data-element_type=\"widget\" data-e-type=\"widget\" data-widget_type=\"text-editor.default\">\n\t\t\t\t\t\t\t\t\t<p><span style=\"font-weight: 400;\">Las plataformas de aprendizaje <\/span><span style=\"font-weight: 400;\">online<\/span><span style=\"font-weight: 400;\"> ofrecen flexibilidad y acceso a una variedad de <\/span><b>cursos y materiales<\/b><span style=\"font-weight: 400;\">. Los empleados pueden aprender a su propio ritmo y en su <\/span><b>propio horario<\/b><span style=\"font-weight: 400;\">.<\/span><\/p>\t\t\t\t\t\t\t\t<\/div>\n\t\t\t\t\t<\/div>\n\t\t<\/div>\n\t\t\t\t<div class=\"elementor-column elementor-col-25 elementor-top-column elementor-element elementor-element-261c76b\" data-id=\"261c76b\" data-element_type=\"column\" data-e-type=\"column\">\n\t\t\t<div class=\"elementor-widget-wrap elementor-element-populated\">\n\t\t\t\t\t\t<div class=\"elementor-element elementor-element-71bedb5 elementor-widget elementor-widget-image\" data-id=\"71bedb5\" data-element_type=\"widget\" data-e-type=\"widget\" data-widget_type=\"image.default\">\n\t\t\t\t\t\t\t\t\t\t\t\t\t\t\t<img loading=\"lazy\" decoding=\"async\" width=\"150\" height=\"150\" src=\"https:\/\/gesem.es\/wp-content\/uploads\/2023\/07\/Icono-formacion-digital-para-empresas-1.png\" class=\"attachment-large size-large wp-image-7598\" alt=\"Icono-formacion-digital-para-empresas\" srcset=\"https:\/\/gesem.es\/wp-content\/uploads\/2023\/07\/Icono-formacion-digital-para-empresas-1.png 150w, https:\/\/gesem.es\/wp-content\/uploads\/2023\/07\/elementor\/thumbs\/Icono-formacion-digital-para-empresas-1-q99c7wuedmrsdmbbkyilid7t5pmvgsg9fagugs082w.png 100w, https:\/\/gesem.es\/wp-content\/uploads\/2023\/07\/elementor\/thumbs\/Icono-formacion-digital-para-empresas-1-q99c7wue2o2oh49vz8aszci7wdkysunbycbjxfdx2m.png 75w, https:\/\/gesem.es\/wp-content\/uploads\/2023\/07\/elementor\/thumbs\/Icono-formacion-digital-para-empresas-1-q99c7wueolgwa4cr6oqe1dxef1os4q96w8m504mj36.png 125w\" sizes=\"(max-width: 150px) 100vw, 150px\" \/>\t\t\t\t\t\t\t\t\t\t\t\t\t\t\t<\/div>\n\t\t\t\t<div class=\"elementor-element elementor-element-5d65740 elementor-widget elementor-widget-heading\" data-id=\"5d65740\" data-element_type=\"widget\" data-e-type=\"widget\" data-widget_type=\"heading.default\">\n\t\t\t\t\t<h3 class=\"elementor-heading-title elementor-size-default\">Recursos online<\/h3>\t\t\t\t<\/div>\n\t\t\t\t<div class=\"elementor-element elementor-element-b86beb8 elementor-widget elementor-widget-text-editor\" data-id=\"b86beb8\" data-element_type=\"widget\" data-e-type=\"widget\" data-widget_type=\"text-editor.default\">\n\t\t\t\t\t\t\t\t\t<p><span style=\"font-weight: 400;\">La web est\u00e1 llena de recursos educativos, desde videos instructivos hasta blogs y podcasts. Estos recursos pueden complementar la formaci\u00f3n formal.<\/span><\/p>\t\t\t\t\t\t\t\t<\/div>\n\t\t\t\t\t<\/div>\n\t\t<\/div>\n\t\t\t\t\t<\/div>\n\t\t<\/section>\n\t\t\t\t<section class=\"elementor-section elementor-top-section elementor-element elementor-element-efa2279 elementor-section-boxed elementor-section-height-default elementor-section-height-default\" data-id=\"efa2279\" data-element_type=\"section\" data-e-type=\"section\">\n\t\t\t\t\t\t<div class=\"elementor-container elementor-column-gap-default\">\n\t\t\t\t\t<div class=\"elementor-column elementor-col-50 elementor-top-column elementor-element elementor-element-f4c4d0f\" data-id=\"f4c4d0f\" data-element_type=\"column\" data-e-type=\"column\" data-settings=\"{&quot;background_background&quot;:&quot;classic&quot;}\">\n\t\t\t<div class=\"elementor-widget-wrap elementor-element-populated\">\n\t\t\t\t\t\t<div class=\"elementor-element elementor-element-3abf0a4 elementor-widget elementor-widget-image\" data-id=\"3abf0a4\" data-element_type=\"widget\" data-e-type=\"widget\" data-widget_type=\"image.default\">\n\t\t\t\t\t\t\t\t\t\t\t\t\t\t\t<img decoding=\"async\" src=\"https:\/\/gesem.es\/wp-content\/uploads\/elementor\/thumbs\/GESEM-CURSOS-ONLINE-MINIATURA-rhvkwki3sh6t9vpnqnqmc55xp1mvevjvt3ryn6fveg.jpg\" title=\"GESEM-CURSOS-ONLINE-MINIATURA\" alt=\"GESEM-CURSOS-ONLINE-MINIATURA\" loading=\"lazy\" \/>\t\t\t\t\t\t\t\t\t\t\t\t\t\t\t<\/div>\n\t\t\t\t\t<\/div>\n\t\t<\/div>\n\t\t\t\t<div class=\"elementor-column elementor-col-50 elementor-top-column elementor-element elementor-element-9d23e6a\" data-id=\"9d23e6a\" data-element_type=\"column\" data-e-type=\"column\" data-settings=\"{&quot;background_background&quot;:&quot;classic&quot;}\">\n\t\t\t<div class=\"elementor-widget-wrap elementor-element-populated\">\n\t\t\t\t\t\t<div class=\"elementor-element elementor-element-0a2aeb5 elementor-widget elementor-widget-heading\" data-id=\"0a2aeb5\" data-element_type=\"widget\" data-e-type=\"widget\" data-widget_type=\"heading.default\">\n\t\t\t\t\t<p class=\"elementor-heading-title elementor-size-default\">Descubre el futuro del \u00e9xito empresarial con los cursos de digital skills y soft skills para la formaci\u00f3n de empresas de Gesem<\/p>\t\t\t\t<\/div>\n\t\t\t\t<div class=\"elementor-element elementor-element-d8f54a9 elementor-widget elementor-widget-text-editor\" data-id=\"d8f54a9\" data-element_type=\"widget\" data-e-type=\"widget\" data-widget_type=\"text-editor.default\">\n\t\t\t\t\t\t\t\t\t<p><span style=\"font-weight: 400;\">\u00bfEst\u00e1s listo para llevar a tu empresa al siguiente nivel? <\/span><b>Te invitamos a explorar nuestra amplia gama de cursos de desarrollo de soft skills y digital skills.<\/b><span style=\"font-weight: 400;\"> Con Gesem, puedes equipar a tu equipo con las habilidades necesarias para destacar en un mundo empresarial en constante evoluci\u00f3n.<\/span><\/p><p><span style=\"font-weight: 400;\">No dejes que las necesidades de formaci\u00f3n se conviertan en un obst\u00e1culo. \u00a1Act\u00faa ahora y descubre c\u00f3mo Gesem puede impulsar el \u00e9xito de tu empresa!<\/span><\/p>\t\t\t\t\t\t\t\t<\/div>\n\t\t\t\t<div class=\"elementor-element elementor-element-474ba25 elementor-align-left elementor-widget elementor-widget-button\" data-id=\"474ba25\" data-element_type=\"widget\" data-e-type=\"widget\" data-widget_type=\"button.default\">\n\t\t\t\t\t\t\t\t\t\t<a class=\"elementor-button elementor-button-link elementor-size-sm\" href=\"\">\n\t\t\t\t\t\t<span class=\"elementor-button-content-wrapper\">\n\t\t\t\t\t\t\t\t\t<span class=\"elementor-button-text\">Cat\u00e1logo de cursos de formaci\u00f3n<\/span>\n\t\t\t\t\t<\/span>\n\t\t\t\t\t<\/a>\n\t\t\t\t\t\t\t\t<\/div>\n\t\t\t\t\t<\/div>\n\t\t<\/div>\n\t\t\t\t\t<\/div>\n\t\t<\/section>\n\t\t\t\t<section class=\"elementor-section elementor-top-section elementor-element elementor-element-5c343be elementor-section-boxed elementor-section-height-default elementor-section-height-default\" data-id=\"5c343be\" data-element_type=\"section\" data-e-type=\"section\">\n\t\t\t\t\t\t<div class=\"elementor-container elementor-column-gap-default\">\n\t\t\t\t\t<div class=\"elementor-column elementor-col-100 elementor-top-column elementor-element elementor-element-6d1cc18\" data-id=\"6d1cc18\" data-element_type=\"column\" data-e-type=\"column\">\n\t\t\t<div class=\"elementor-widget-wrap elementor-element-populated\">\n\t\t\t\t\t\t<div class=\"elementor-element elementor-element-c1e299e elementor-widget elementor-widget-heading\" data-id=\"c1e299e\" data-element_type=\"widget\" data-e-type=\"widget\" data-widget_type=\"heading.default\">\n\t\t\t\t\t<h2 class=\"elementor-heading-title elementor-size-default\">Conclusi\u00f3n: Abrazando el \u00e9xito a trav\u00e9s de la formaci\u00f3n en empresas<\/h2>\t\t\t\t<\/div>\n\t\t\t\t<div class=\"elementor-element elementor-element-90c2ec7 elementor-widget elementor-widget-text-editor\" data-id=\"90c2ec7\" data-element_type=\"widget\" data-e-type=\"widget\" data-widget_type=\"text-editor.default\">\n\t\t\t\t\t\t\t\t\t<p><span style=\"font-weight: 400;\">La identificaci\u00f3n de las necesidades de formaci\u00f3n en una empresa y tambi\u00e9n el hecho de afrontarlas<\/span><span style=\"font-weight: 400;\"> son pasos fundamentales para su crecimiento y \u00e9xito continuo. Al <\/span><b>reconocer la importancia de la formaci\u00f3n<\/b><span style=\"font-weight: 400;\"> y adoptar un <\/span><b>enfoque estrat\u00e9gico<\/b><span style=\"font-weight: 400;\">, las empresas pueden<\/span><b> mejorar la productividad, la competitividad y la satisfacci\u00f3n<\/b><span style=\"font-weight: 400;\"> de los empleados.<\/span><\/p><p><span style=\"font-weight: 400;\">Al <\/span><b>utilizar cuestionarios, encuestas y m\u00e9todos de diagn\u00f3stico<\/b><span style=\"font-weight: 400;\">, las <\/span><span style=\"font-weight: 400;\">empresas<\/span><span style=\"font-weight: 400;\"> pueden identificar de manera efectiva las \u00e1reas que requieren atenci\u00f3n. Luego, mediante el <\/span><b>dise\u00f1o de programas de formaci\u00f3n personalizados<\/b><span style=\"font-weight: 400;\"> y el uso de una variedad de <\/span><b>recursos<\/b><span style=\"font-weight: 400;\">, pueden <\/span><span style=\"font-weight: 400;\">enfrentarse a<\/span><span style=\"font-weight: 400;\"> estas necesidades de manera efectiva.<\/span><\/p><p><span style=\"font-weight: 400;\">En \u00faltima instancia, la formaci\u00f3n en una empresa no solo beneficia a la organizaci\u00f3n en t\u00e9rminos de \u00e9xito empresarial, sino que tambi\u00e9n<\/span><b> empodera a los empleados<\/b><span style=\"font-weight: 400;\">, brind\u00e1ndoles las habilidades y conocimientos necesarios para <\/span><b>prosperar en su carrera profesional<\/b><span style=\"font-weight: 400;\">. Al invertir en la formaci\u00f3n, las empresas est\u00e1n invirtiendo en su futuro.<\/span><\/p><p><span style=\"font-weight: 400;\">Si est\u00e1s listo para mejorar la formaci\u00f3n en tu empresa y aprovechar al m\u00e1ximo el potencial de tus empleados, \u00a1comienza hoy mismo! Identifica esas necesidades, dise\u00f1a programas efectivos y observa c\u00f3mo tu empresa crece y se fortalece en el mercado.<\/span><\/p><p><span style=\"font-weight: 400;\">Recuerda, la <\/span><b>formaci\u00f3n es una inversi\u00f3n<\/b><span style=\"font-weight: 400;\">, y los resultados son un personal m\u00e1s competente y una empresa m\u00e1s exitosa en general. \u00a1No subestimes el poder de la formaci\u00f3n continua en tu empresa!<\/span><\/p>\t\t\t\t\t\t\t\t<\/div>\n\t\t\t\t\t<\/div>\n\t\t<\/div>\n\t\t\t\t\t<\/div>\n\t\t<\/section>\n\t\t\t\t<section class=\"elementor-section elementor-top-section elementor-element elementor-element-dbf7ac8 elementor-section-boxed elementor-section-height-default elementor-section-height-default\" data-id=\"dbf7ac8\" data-element_type=\"section\" data-e-type=\"section\" data-settings=\"{&quot;background_background&quot;:&quot;classic&quot;}\">\n\t\t\t\t\t\t<div class=\"elementor-container elementor-column-gap-default\">\n\t\t\t\t\t<div class=\"elementor-column elementor-col-100 elementor-top-column elementor-element elementor-element-c521c82\" data-id=\"c521c82\" data-element_type=\"column\" data-e-type=\"column\" data-settings=\"{&quot;background_background&quot;:&quot;classic&quot;}\">\n\t\t\t<div class=\"elementor-widget-wrap elementor-element-populated\">\n\t\t\t\t\t\t<div class=\"elementor-element elementor-element-0df0262 elementor-widget elementor-widget-heading\" data-id=\"0df0262\" data-element_type=\"widget\" data-e-type=\"widget\" data-widget_type=\"heading.default\">\n\t\t\t\t\t<p class=\"elementor-heading-title elementor-size-default\">\u00bfEn qu\u00e9 podemos ayudarte?<\/p>\t\t\t\t<\/div>\n\t\t\t\t\t<\/div>\n\t\t<\/div>\n\t\t\t\t\t<\/div>\n\t\t<\/section>\n\t\t\t\t<section class=\"elementor-section elementor-top-section elementor-element elementor-element-ad6a80c elementor-section-boxed elementor-section-height-default elementor-section-height-default\" data-id=\"ad6a80c\" data-element_type=\"section\" data-e-type=\"section\">\n\t\t\t\t\t\t<div class=\"elementor-container elementor-column-gap-default\">\n\t\t\t\t\t<div class=\"elementor-column elementor-col-100 elementor-top-column elementor-element elementor-element-de24d30\" data-id=\"de24d30\" data-element_type=\"column\" data-e-type=\"column\">\n\t\t\t<div class=\"elementor-widget-wrap elementor-element-populated\">\n\t\t\t\t\t\t<div class=\"elementor-element elementor-element-f644b70 elementor-widget elementor-widget-heading\" data-id=\"f644b70\" data-element_type=\"widget\" data-e-type=\"widget\" data-widget_type=\"heading.default\">\n\t\t\t\t\t<h2 class=\"elementor-heading-title elementor-size-default\">Preguntas Frecuentes sobre las Necesidades de Formaci\u00f3n en una Empresa\n<\/h2>\t\t\t\t<\/div>\n\t\t\t\t\t<\/div>\n\t\t<\/div>\n\t\t\t\t\t<\/div>\n\t\t<\/section>\n\t\t\t\t<section class=\"elementor-section elementor-top-section elementor-element elementor-element-be48ebc elementor-section-boxed elementor-section-height-default elementor-section-height-default\" data-id=\"be48ebc\" data-element_type=\"section\" data-e-type=\"section\">\n\t\t\t\t\t\t<div class=\"elementor-container elementor-column-gap-default\">\n\t\t\t\t\t<div class=\"elementor-column elementor-col-50 elementor-top-column elementor-element elementor-element-3fe3e6a\" data-id=\"3fe3e6a\" data-element_type=\"column\" data-e-type=\"column\">\n\t\t\t<div class=\"elementor-widget-wrap elementor-element-populated\">\n\t\t\t\t\t\t<div class=\"elementor-element elementor-element-204f7f4 elementor-widget elementor-widget-heading\" data-id=\"204f7f4\" data-element_type=\"widget\" data-e-type=\"widget\" data-widget_type=\"heading.default\">\n\t\t\t\t\t<h3 class=\"elementor-heading-title elementor-size-default\">\u00bfC\u00f3mo puedo determinar si mi empresa tiene necesidades de formaci\u00f3n?<\/h3>\t\t\t\t<\/div>\n\t\t\t\t<div class=\"elementor-element elementor-element-4685a0b elementor-widget elementor-widget-text-editor\" data-id=\"4685a0b\" data-element_type=\"widget\" data-e-type=\"widget\" data-widget_type=\"text-editor.default\">\n\t\t\t\t\t\t\t\t\t<p><span style=\"font-weight: 400;\">La identificaci\u00f3n de necesidades de formaci\u00f3n se puede realizar a trav\u00e9s de encuestas, evaluaciones de desempe\u00f1o, observaci\u00f3n y retroalimentaci\u00f3n de los empleados. Tambi\u00e9n es \u00fatil consultar a expertos en la industria.<\/span><\/p>\t\t\t\t\t\t\t\t<\/div>\n\t\t\t\t\t<\/div>\n\t\t<\/div>\n\t\t\t\t<div class=\"elementor-column elementor-col-50 elementor-top-column elementor-element elementor-element-bdc5fdb\" data-id=\"bdc5fdb\" data-element_type=\"column\" data-e-type=\"column\">\n\t\t\t<div class=\"elementor-widget-wrap elementor-element-populated\">\n\t\t\t\t\t\t<div class=\"elementor-element elementor-element-da8e1a4 elementor-widget elementor-widget-heading\" data-id=\"da8e1a4\" data-element_type=\"widget\" data-e-type=\"widget\" data-widget_type=\"heading.default\">\n\t\t\t\t\t<h3 class=\"elementor-heading-title elementor-size-default\">\u00bfCu\u00e1les son los beneficios de afrontar las necesidades de formaci\u00f3n?<\/h3>\t\t\t\t<\/div>\n\t\t\t\t<div class=\"elementor-element elementor-element-d49aa56 elementor-widget elementor-widget-text-editor\" data-id=\"d49aa56\" data-element_type=\"widget\" data-e-type=\"widget\" data-widget_type=\"text-editor.default\">\n\t\t\t\t\t\t\t\t\t<p><span style=\"font-weight: 400;\">Abordar las necesidades de formaci\u00f3n puede llevar a una mayor productividad, competitividad, satisfacci\u00f3n del empleado y capacidad de innovaci\u00f3n en la empresa.<\/span><\/p>\t\t\t\t\t\t\t\t<\/div>\n\t\t\t\t\t<\/div>\n\t\t<\/div>\n\t\t\t\t\t<\/div>\n\t\t<\/section>\n\t\t\t\t<section class=\"elementor-section elementor-top-section elementor-element elementor-element-3b8e8d3 elementor-section-boxed elementor-section-height-default elementor-section-height-default\" data-id=\"3b8e8d3\" data-element_type=\"section\" data-e-type=\"section\">\n\t\t\t\t\t\t<div class=\"elementor-container elementor-column-gap-default\">\n\t\t\t\t\t<div class=\"elementor-column elementor-col-50 elementor-top-column elementor-element elementor-element-6594203\" data-id=\"6594203\" data-element_type=\"column\" data-e-type=\"column\">\n\t\t\t<div class=\"elementor-widget-wrap elementor-element-populated\">\n\t\t\t\t\t\t<div class=\"elementor-element elementor-element-cb84752 elementor-widget elementor-widget-heading\" data-id=\"cb84752\" data-element_type=\"widget\" data-e-type=\"widget\" data-widget_type=\"heading.default\">\n\t\t\t\t\t<h3 class=\"elementor-heading-title elementor-size-default\">\u00bfQu\u00e9 tipos de formaci\u00f3n son m\u00e1s efectivos?<\/h3>\t\t\t\t<\/div>\n\t\t\t\t<div class=\"elementor-element elementor-element-aba40c0 elementor-widget elementor-widget-text-editor\" data-id=\"aba40c0\" data-element_type=\"widget\" data-e-type=\"widget\" data-widget_type=\"text-editor.default\">\n\t\t\t\t\t\t\t\t\t<p><span style=\"font-weight: 400;\">La efectividad de la formaci\u00f3n depende de las necesidades espec\u00edficas de la empresa y los empleados. Puede incluir formaci\u00f3n en el aula, en l\u00ednea, mentor\u00eda o una combinaci\u00f3n de estas opciones.<\/span><\/p>\t\t\t\t\t\t\t\t<\/div>\n\t\t\t\t\t<\/div>\n\t\t<\/div>\n\t\t\t\t<div class=\"elementor-column elementor-col-50 elementor-top-column elementor-element elementor-element-f478b72\" data-id=\"f478b72\" data-element_type=\"column\" data-e-type=\"column\">\n\t\t\t<div class=\"elementor-widget-wrap elementor-element-populated\">\n\t\t\t\t\t\t<div class=\"elementor-element elementor-element-4bdfce2 elementor-widget elementor-widget-heading\" data-id=\"4bdfce2\" data-element_type=\"widget\" data-e-type=\"widget\" data-widget_type=\"heading.default\">\n\t\t\t\t\t<h3 class=\"elementor-heading-title elementor-size-default\">\u00bfC\u00f3mo puedo evaluar el impacto de la formaci\u00f3n en mi empresa?<\/h3>\t\t\t\t<\/div>\n\t\t\t\t<div class=\"elementor-element elementor-element-72e48b9 elementor-widget elementor-widget-text-editor\" data-id=\"72e48b9\" data-element_type=\"widget\" data-e-type=\"widget\" data-widget_type=\"text-editor.default\">\n\t\t\t\t\t\t\t\t\t<p><span style=\"font-weight: 400;\">El seguimiento del progreso de los empleados, la evaluaci\u00f3n de su desempe\u00f1o despu\u00e9s de la formaci\u00f3n y la recopilaci\u00f3n de retroalimentaci\u00f3n son formas efectivas de evaluar el impacto de la formaci\u00f3n en tu empresa.<\/span><\/p>\t\t\t\t\t\t\t\t<\/div>\n\t\t\t\t\t<\/div>\n\t\t<\/div>\n\t\t\t\t\t<\/div>\n\t\t<\/section>\n\t\t\t\t<section class=\"elementor-section elementor-top-section elementor-element elementor-element-f12790c elementor-section-boxed elementor-section-height-default elementor-section-height-default\" data-id=\"f12790c\" data-element_type=\"section\" data-e-type=\"section\">\n\t\t\t\t\t\t<div class=\"elementor-container elementor-column-gap-default\">\n\t\t\t\t\t<div class=\"elementor-column elementor-col-50 elementor-top-column elementor-element elementor-element-d7494f1\" data-id=\"d7494f1\" data-element_type=\"column\" data-e-type=\"column\">\n\t\t\t<div class=\"elementor-widget-wrap elementor-element-populated\">\n\t\t\t\t\t\t<div class=\"elementor-element elementor-element-58e9d6f elementor-widget elementor-widget-heading\" data-id=\"58e9d6f\" data-element_type=\"widget\" data-e-type=\"widget\" data-widget_type=\"heading.default\">\n\t\t\t\t\t<h3 class=\"elementor-heading-title elementor-size-default\">\u00bfCon qu\u00e9 frecuencia debo revisar las necesidades de formaci\u00f3n en mi empresa?<\/h3>\t\t\t\t<\/div>\n\t\t\t\t<div class=\"elementor-element elementor-element-a38c2c5 elementor-widget elementor-widget-text-editor\" data-id=\"a38c2c5\" data-element_type=\"widget\" data-e-type=\"widget\" data-widget_type=\"text-editor.default\">\n\t\t\t\t\t\t\t\t\t<p><span style=\"font-weight: 400;\">Es recomendable revisar las necesidades de formaci\u00f3n de manera regular, al menos anualmente. Sin embargo, en industrias que cambian r\u00e1pidamente, la revisi\u00f3n trimestral o semestral puede ser m\u00e1s apropiada.<\/span><\/p>\t\t\t\t\t\t\t\t<\/div>\n\t\t\t\t\t<\/div>\n\t\t<\/div>\n\t\t\t\t<div class=\"elementor-column elementor-col-50 elementor-top-column elementor-element elementor-element-6619e53\" data-id=\"6619e53\" data-element_type=\"column\" data-e-type=\"column\">\n\t\t\t<div class=\"elementor-widget-wrap elementor-element-populated\">\n\t\t\t\t\t\t<div class=\"elementor-element elementor-element-4c74eb1 elementor-widget elementor-widget-heading\" data-id=\"4c74eb1\" data-element_type=\"widget\" data-e-type=\"widget\" data-widget_type=\"heading.default\">\n\t\t\t\t\t<h3 class=\"elementor-heading-title elementor-size-default\">\u00bfC\u00f3mo puedo fomentar una cultura de aprendizaje continuo en mi empresa?<\/h3>\t\t\t\t<\/div>\n\t\t\t\t<div class=\"elementor-element elementor-element-db84a7e elementor-widget elementor-widget-text-editor\" data-id=\"db84a7e\" data-element_type=\"widget\" data-e-type=\"widget\" data-widget_type=\"text-editor.default\">\n\t\t\t\t\t\t\t\t\t<p><span style=\"font-weight: 400;\">Promover una cultura de aprendizaje continuo implica destacar la importancia de la formaci\u00f3n, ofrecer oportunidades de desarrollo y reconocer y recompensar los logros de los empleados en t\u00e9rminos de adquisici\u00f3n de habilidades.<\/span><\/p>\t\t\t\t\t\t\t\t<\/div>\n\t\t\t\t\t<\/div>\n\t\t<\/div>\n\t\t\t\t\t<\/div>\n\t\t<\/section>\n\t\t\t\t<section class=\"elementor-section elementor-top-section elementor-element elementor-element-0860cfe elementor-section-boxed elementor-section-height-default elementor-section-height-default\" data-id=\"0860cfe\" data-element_type=\"section\" data-e-type=\"section\">\n\t\t\t\t\t\t<div class=\"elementor-container elementor-column-gap-default\">\n\t\t\t\t\t<div class=\"elementor-column elementor-col-100 elementor-top-column elementor-element elementor-element-e4ace00\" data-id=\"e4ace00\" data-element_type=\"column\" data-e-type=\"column\">\n\t\t\t<div class=\"elementor-widget-wrap elementor-element-populated\">\n\t\t\t\t\t\t<div class=\"elementor-element elementor-element-d17afcc elementor-widget elementor-widget-spacer\" data-id=\"d17afcc\" data-element_type=\"widget\" data-e-type=\"widget\" data-widget_type=\"spacer.default\">\n\t\t\t\t\t\t\t<div class=\"elementor-spacer\">\n\t\t\t<div class=\"elementor-spacer-inner\"><\/div>\n\t\t<\/div>\n\t\t\t\t\t\t<\/div>\n\t\t\t\t\t<\/div>\n\t\t<\/div>\n\t\t\t\t\t<\/div>\n\t\t<\/section>\n\t\t\t\t<\/div>\n\t\t","protected":false},"excerpt":{"rendered":"<p class=\"excerpt\">Necesidades de formaci\u00f3n de una empresa: Optimizando el crecimiento y la productividad Descubre c\u00f3mo identificar y abordar las necesidades de formaci\u00f3n en una empresa para impulsar el \u00e9xito organizacional. Explora ejemplos, cuestionarios y estrategias efectivas. En Gesem, te ofrecemos cursos de desarrollo de habilidades blandas y habilidades digitales para llevar a tu empresa al siguiente [&hellip;]<\/p>\n","protected":false},"author":2709,"featured_media":9727,"comment_status":"closed","ping_status":"open","sticky":false,"template":"template-blank.php","format":"standard","meta":{"_acf_changed":false,"footnotes":""},"categories":[1],"tags":[],"class_list":["post-9624","post","type-post","status-publish","format-standard","has-post-thumbnail","hentry","category-novedades"],"acf":[],"yoast_head":"<!-- This site is optimized with the Yoast SEO plugin v27.5 - https:\/\/yoast.com\/product\/yoast-seo-wordpress\/ -->\n<title>Detecta las Necesidades de Formaci\u00f3n en tu Empresa<\/title>\n<meta name=\"description\" content=\"Descubre c\u00f3mo identificar y abordar las necesidades de formaci\u00f3n en una empresa. Ejemplos, cuestionarios y estrategias efectivas.\" \/>\n<meta name=\"robots\" content=\"index, follow, max-snippet:-1, max-image-preview:large, max-video-preview:-1\" \/>\n<link rel=\"canonical\" href=\"https:\/\/gesem.es\/ca\/necesidades-formacion-empresa\/\" \/>\n<meta property=\"og:locale\" content=\"ca_ES\" \/>\n<meta property=\"og:type\" content=\"article\" \/>\n<meta property=\"og:title\" content=\"Detecta las Necesidades de Formaci\u00f3n en tu Empresa\" \/>\n<meta property=\"og:description\" content=\"Descubre c\u00f3mo identificar y abordar las necesidades de formaci\u00f3n en una empresa. Ejemplos, cuestionarios y estrategias efectivas.\" \/>\n<meta property=\"og:url\" content=\"https:\/\/gesem.es\/ca\/necesidades-formacion-empresa\/\" \/>\n<meta property=\"og:site_name\" content=\"Gesem \u00b7 Digital &amp; SoftSkills\" \/>\n<meta property=\"article:published_time\" content=\"2023-10-01T13:00:59+00:00\" \/>\n<meta property=\"article:modified_time\" content=\"2023-10-11T14:35:29+00:00\" \/>\n<meta property=\"og:image\" content=\"https:\/\/gesem.es\/wp-content\/uploads\/2023\/09\/necesidades-de-formacion-en-una-empresa.jpg\" \/>\n\t<meta property=\"og:image:width\" content=\"2048\" \/>\n\t<meta property=\"og:image:height\" content=\"800\" \/>\n\t<meta property=\"og:image:type\" content=\"image\/jpeg\" \/>\n<meta name=\"author\" content=\"34marquese28\" \/>\n<meta name=\"twitter:card\" content=\"summary_large_image\" \/>\n<meta name=\"twitter:label1\" content=\"Escrit per\" \/>\n\t<meta name=\"twitter:data1\" content=\"34marquese28\" \/>\n\t<meta name=\"twitter:label2\" content=\"Temps estimat de lectura\" \/>\n\t<meta name=\"twitter:data2\" content=\"13 minuts\" \/>\n<script type=\"application\/ld+json\" class=\"yoast-schema-graph\">{\"@context\":\"https:\\\/\\\/schema.org\",\"@graph\":[{\"@type\":\"Article\",\"@id\":\"https:\\\/\\\/gesem.es\\\/ca\\\/necesidades-formacion-empresa\\\/#article\",\"isPartOf\":{\"@id\":\"https:\\\/\\\/gesem.es\\\/ca\\\/necesidades-formacion-empresa\\\/\"},\"author\":{\"name\":\"34marquese28\",\"@id\":\"https:\\\/\\\/gesem.es\\\/ca\\\/#\\\/schema\\\/person\\\/08f028f034aa12552b7e2a4458f37671\"},\"headline\":\"Necesidades de formaci\u00f3n en una empresa\",\"datePublished\":\"2023-10-01T13:00:59+00:00\",\"dateModified\":\"2023-10-11T14:35:29+00:00\",\"mainEntityOfPage\":{\"@id\":\"https:\\\/\\\/gesem.es\\\/ca\\\/necesidades-formacion-empresa\\\/\"},\"wordCount\":2609,\"publisher\":{\"@id\":\"https:\\\/\\\/gesem.es\\\/ca\\\/#organization\"},\"image\":{\"@id\":\"https:\\\/\\\/gesem.es\\\/ca\\\/necesidades-formacion-empresa\\\/#primaryimage\"},\"thumbnailUrl\":\"https:\\\/\\\/gesem.es\\\/wp-content\\\/uploads\\\/2023\\\/09\\\/necesidades-de-formacion-en-una-empresa.jpg\",\"articleSection\":[\"Novedades\"],\"inLanguage\":\"ca\"},{\"@type\":\"WebPage\",\"@id\":\"https:\\\/\\\/gesem.es\\\/ca\\\/necesidades-formacion-empresa\\\/\",\"url\":\"https:\\\/\\\/gesem.es\\\/ca\\\/necesidades-formacion-empresa\\\/\",\"name\":\"Detecta las Necesidades de Formaci\u00f3n en tu Empresa\",\"isPartOf\":{\"@id\":\"https:\\\/\\\/gesem.es\\\/ca\\\/#website\"},\"primaryImageOfPage\":{\"@id\":\"https:\\\/\\\/gesem.es\\\/ca\\\/necesidades-formacion-empresa\\\/#primaryimage\"},\"image\":{\"@id\":\"https:\\\/\\\/gesem.es\\\/ca\\\/necesidades-formacion-empresa\\\/#primaryimage\"},\"thumbnailUrl\":\"https:\\\/\\\/gesem.es\\\/wp-content\\\/uploads\\\/2023\\\/09\\\/necesidades-de-formacion-en-una-empresa.jpg\",\"datePublished\":\"2023-10-01T13:00:59+00:00\",\"dateModified\":\"2023-10-11T14:35:29+00:00\",\"description\":\"Descubre c\u00f3mo identificar y abordar las necesidades de formaci\u00f3n en una empresa. Ejemplos, cuestionarios y estrategias efectivas.\",\"breadcrumb\":{\"@id\":\"https:\\\/\\\/gesem.es\\\/ca\\\/necesidades-formacion-empresa\\\/#breadcrumb\"},\"inLanguage\":\"ca\",\"potentialAction\":[{\"@type\":\"ReadAction\",\"target\":[\"https:\\\/\\\/gesem.es\\\/ca\\\/necesidades-formacion-empresa\\\/\"]}]},{\"@type\":\"ImageObject\",\"inLanguage\":\"ca\",\"@id\":\"https:\\\/\\\/gesem.es\\\/ca\\\/necesidades-formacion-empresa\\\/#primaryimage\",\"url\":\"https:\\\/\\\/gesem.es\\\/wp-content\\\/uploads\\\/2023\\\/09\\\/necesidades-de-formacion-en-una-empresa.jpg\",\"contentUrl\":\"https:\\\/\\\/gesem.es\\\/wp-content\\\/uploads\\\/2023\\\/09\\\/necesidades-de-formacion-en-una-empresa.jpg\",\"width\":2048,\"height\":800,\"caption\":\"necesidades-de-formacion-en-una-empresa\"},{\"@type\":\"BreadcrumbList\",\"@id\":\"https:\\\/\\\/gesem.es\\\/ca\\\/necesidades-formacion-empresa\\\/#breadcrumb\",\"itemListElement\":[{\"@type\":\"ListItem\",\"position\":1,\"name\":\"Portada\",\"item\":\"https:\\\/\\\/gesem.es\\\/ca\\\/\"},{\"@type\":\"ListItem\",\"position\":2,\"name\":\"Necesidades de formaci\u00f3n en una empresa\"}]},{\"@type\":\"WebSite\",\"@id\":\"https:\\\/\\\/gesem.es\\\/ca\\\/#website\",\"url\":\"https:\\\/\\\/gesem.es\\\/ca\\\/\",\"name\":\"Gesem \u00b7 Digital &amp; SoftSkills\",\"description\":\"Formaci\u00f3n y consultoria\",\"publisher\":{\"@id\":\"https:\\\/\\\/gesem.es\\\/ca\\\/#organization\"},\"potentialAction\":[{\"@type\":\"SearchAction\",\"target\":{\"@type\":\"EntryPoint\",\"urlTemplate\":\"https:\\\/\\\/gesem.es\\\/ca\\\/?s={search_term_string}\"},\"query-input\":{\"@type\":\"PropertyValueSpecification\",\"valueRequired\":true,\"valueName\":\"search_term_string\"}}],\"inLanguage\":\"ca\"},{\"@type\":\"Organization\",\"@id\":\"https:\\\/\\\/gesem.es\\\/ca\\\/#organization\",\"name\":\"Gesem\",\"url\":\"https:\\\/\\\/gesem.es\\\/ca\\\/\",\"logo\":{\"@type\":\"ImageObject\",\"inLanguage\":\"ca\",\"@id\":\"https:\\\/\\\/gesem.es\\\/ca\\\/#\\\/schema\\\/logo\\\/image\\\/\",\"url\":\"https:\\\/\\\/gesem.es\\\/wp-content\\\/uploads\\\/2021\\\/11\\\/Gesem-Logo-2.png\",\"contentUrl\":\"https:\\\/\\\/gesem.es\\\/wp-content\\\/uploads\\\/2021\\\/11\\\/Gesem-Logo-2.png\",\"width\":1171,\"height\":433,\"caption\":\"Gesem\"},\"image\":{\"@id\":\"https:\\\/\\\/gesem.es\\\/ca\\\/#\\\/schema\\\/logo\\\/image\\\/\"}},{\"@type\":\"Person\",\"@id\":\"https:\\\/\\\/gesem.es\\\/ca\\\/#\\\/schema\\\/person\\\/08f028f034aa12552b7e2a4458f37671\",\"name\":\"34marquese28\",\"image\":{\"@type\":\"ImageObject\",\"inLanguage\":\"ca\",\"@id\":\"https:\\\/\\\/gesem.es\\\/wp-content\\\/litespeed\\\/avatar\\\/4dbb721a8ee09fb54e7d56513a4ce1b9.jpg?ver=1777376031\",\"url\":\"https:\\\/\\\/gesem.es\\\/wp-content\\\/litespeed\\\/avatar\\\/4dbb721a8ee09fb54e7d56513a4ce1b9.jpg?ver=1777376031\",\"contentUrl\":\"https:\\\/\\\/gesem.es\\\/wp-content\\\/litespeed\\\/avatar\\\/4dbb721a8ee09fb54e7d56513a4ce1b9.jpg?ver=1777376031\",\"caption\":\"34marquese28\"}}]}<\/script>\n<!-- \/ Yoast SEO plugin. -->","yoast_head_json":{"title":"Detecta las Necesidades de Formaci\u00f3n en tu Empresa","description":"Descubre c\u00f3mo identificar y abordar las necesidades de formaci\u00f3n en una empresa. Ejemplos, cuestionarios y estrategias efectivas.","robots":{"index":"index","follow":"follow","max-snippet":"max-snippet:-1","max-image-preview":"max-image-preview:large","max-video-preview":"max-video-preview:-1"},"canonical":"https:\/\/gesem.es\/ca\/necesidades-formacion-empresa\/","og_locale":"ca_ES","og_type":"article","og_title":"Detecta las Necesidades de Formaci\u00f3n en tu Empresa","og_description":"Descubre c\u00f3mo identificar y abordar las necesidades de formaci\u00f3n en una empresa. Ejemplos, cuestionarios y estrategias efectivas.","og_url":"https:\/\/gesem.es\/ca\/necesidades-formacion-empresa\/","og_site_name":"Gesem \u00b7 Digital &amp; SoftSkills","article_published_time":"2023-10-01T13:00:59+00:00","article_modified_time":"2023-10-11T14:35:29+00:00","og_image":[{"width":2048,"height":800,"url":"https:\/\/gesem.es\/wp-content\/uploads\/2023\/09\/necesidades-de-formacion-en-una-empresa.jpg","type":"image\/jpeg"}],"author":"34marquese28","twitter_card":"summary_large_image","twitter_misc":{"Escrit per":"34marquese28","Temps estimat de lectura":"13 minuts"},"schema":{"@context":"https:\/\/schema.org","@graph":[{"@type":"Article","@id":"https:\/\/gesem.es\/ca\/necesidades-formacion-empresa\/#article","isPartOf":{"@id":"https:\/\/gesem.es\/ca\/necesidades-formacion-empresa\/"},"author":{"name":"34marquese28","@id":"https:\/\/gesem.es\/ca\/#\/schema\/person\/08f028f034aa12552b7e2a4458f37671"},"headline":"Necesidades de formaci\u00f3n en una empresa","datePublished":"2023-10-01T13:00:59+00:00","dateModified":"2023-10-11T14:35:29+00:00","mainEntityOfPage":{"@id":"https:\/\/gesem.es\/ca\/necesidades-formacion-empresa\/"},"wordCount":2609,"publisher":{"@id":"https:\/\/gesem.es\/ca\/#organization"},"image":{"@id":"https:\/\/gesem.es\/ca\/necesidades-formacion-empresa\/#primaryimage"},"thumbnailUrl":"https:\/\/gesem.es\/wp-content\/uploads\/2023\/09\/necesidades-de-formacion-en-una-empresa.jpg","articleSection":["Novedades"],"inLanguage":"ca"},{"@type":"WebPage","@id":"https:\/\/gesem.es\/ca\/necesidades-formacion-empresa\/","url":"https:\/\/gesem.es\/ca\/necesidades-formacion-empresa\/","name":"Detecta las Necesidades de Formaci\u00f3n en tu Empresa","isPartOf":{"@id":"https:\/\/gesem.es\/ca\/#website"},"primaryImageOfPage":{"@id":"https:\/\/gesem.es\/ca\/necesidades-formacion-empresa\/#primaryimage"},"image":{"@id":"https:\/\/gesem.es\/ca\/necesidades-formacion-empresa\/#primaryimage"},"thumbnailUrl":"https:\/\/gesem.es\/wp-content\/uploads\/2023\/09\/necesidades-de-formacion-en-una-empresa.jpg","datePublished":"2023-10-01T13:00:59+00:00","dateModified":"2023-10-11T14:35:29+00:00","description":"Descubre c\u00f3mo identificar y abordar las necesidades de formaci\u00f3n en una empresa. Ejemplos, cuestionarios y estrategias efectivas.","breadcrumb":{"@id":"https:\/\/gesem.es\/ca\/necesidades-formacion-empresa\/#breadcrumb"},"inLanguage":"ca","potentialAction":[{"@type":"ReadAction","target":["https:\/\/gesem.es\/ca\/necesidades-formacion-empresa\/"]}]},{"@type":"ImageObject","inLanguage":"ca","@id":"https:\/\/gesem.es\/ca\/necesidades-formacion-empresa\/#primaryimage","url":"https:\/\/gesem.es\/wp-content\/uploads\/2023\/09\/necesidades-de-formacion-en-una-empresa.jpg","contentUrl":"https:\/\/gesem.es\/wp-content\/uploads\/2023\/09\/necesidades-de-formacion-en-una-empresa.jpg","width":2048,"height":800,"caption":"necesidades-de-formacion-en-una-empresa"},{"@type":"BreadcrumbList","@id":"https:\/\/gesem.es\/ca\/necesidades-formacion-empresa\/#breadcrumb","itemListElement":[{"@type":"ListItem","position":1,"name":"Portada","item":"https:\/\/gesem.es\/ca\/"},{"@type":"ListItem","position":2,"name":"Necesidades de formaci\u00f3n en una empresa"}]},{"@type":"WebSite","@id":"https:\/\/gesem.es\/ca\/#website","url":"https:\/\/gesem.es\/ca\/","name":"Gesem \u00b7 Digital &amp; SoftSkills","description":"Formaci\u00f3n y consultoria","publisher":{"@id":"https:\/\/gesem.es\/ca\/#organization"},"potentialAction":[{"@type":"SearchAction","target":{"@type":"EntryPoint","urlTemplate":"https:\/\/gesem.es\/ca\/?s={search_term_string}"},"query-input":{"@type":"PropertyValueSpecification","valueRequired":true,"valueName":"search_term_string"}}],"inLanguage":"ca"},{"@type":"Organization","@id":"https:\/\/gesem.es\/ca\/#organization","name":"Gesem","url":"https:\/\/gesem.es\/ca\/","logo":{"@type":"ImageObject","inLanguage":"ca","@id":"https:\/\/gesem.es\/ca\/#\/schema\/logo\/image\/","url":"https:\/\/gesem.es\/wp-content\/uploads\/2021\/11\/Gesem-Logo-2.png","contentUrl":"https:\/\/gesem.es\/wp-content\/uploads\/2021\/11\/Gesem-Logo-2.png","width":1171,"height":433,"caption":"Gesem"},"image":{"@id":"https:\/\/gesem.es\/ca\/#\/schema\/logo\/image\/"}},{"@type":"Person","@id":"https:\/\/gesem.es\/ca\/#\/schema\/person\/08f028f034aa12552b7e2a4458f37671","name":"34marquese28","image":{"@type":"ImageObject","inLanguage":"ca","@id":"https:\/\/gesem.es\/wp-content\/litespeed\/avatar\/4dbb721a8ee09fb54e7d56513a4ce1b9.jpg?ver=1777376031","url":"https:\/\/gesem.es\/wp-content\/litespeed\/avatar\/4dbb721a8ee09fb54e7d56513a4ce1b9.jpg?ver=1777376031","contentUrl":"https:\/\/gesem.es\/wp-content\/litespeed\/avatar\/4dbb721a8ee09fb54e7d56513a4ce1b9.jpg?ver=1777376031","caption":"34marquese28"}}]}},"_links":{"self":[{"href":"https:\/\/gesem.es\/ca\/wp-json\/wp\/v2\/posts\/9624","targetHints":{"allow":["GET"]}}],"collection":[{"href":"https:\/\/gesem.es\/ca\/wp-json\/wp\/v2\/posts"}],"about":[{"href":"https:\/\/gesem.es\/ca\/wp-json\/wp\/v2\/types\/post"}],"author":[{"embeddable":true,"href":"https:\/\/gesem.es\/ca\/wp-json\/wp\/v2\/users\/2709"}],"replies":[{"embeddable":true,"href":"https:\/\/gesem.es\/ca\/wp-json\/wp\/v2\/comments?post=9624"}],"version-history":[{"count":131,"href":"https:\/\/gesem.es\/ca\/wp-json\/wp\/v2\/posts\/9624\/revisions"}],"predecessor-version":[{"id":12823,"href":"https:\/\/gesem.es\/ca\/wp-json\/wp\/v2\/posts\/9624\/revisions\/12823"}],"wp:featuredmedia":[{"embeddable":true,"href":"https:\/\/gesem.es\/ca\/wp-json\/wp\/v2\/media\/9727"}],"wp:attachment":[{"href":"https:\/\/gesem.es\/ca\/wp-json\/wp\/v2\/media?parent=9624"}],"wp:term":[{"taxonomy":"category","embeddable":true,"href":"https:\/\/gesem.es\/ca\/wp-json\/wp\/v2\/categories?post=9624"},{"taxonomy":"post_tag","embeddable":true,"href":"https:\/\/gesem.es\/ca\/wp-json\/wp\/v2\/tags?post=9624"}],"curies":[{"name":"wp","href":"https:\/\/api.w.org\/{rel}","templated":true}]}}